{"id":5749,"date":"2023-08-31T11:08:07","date_gmt":"2023-08-31T09:08:07","guid":{"rendered":"https:\/\/europaeischeverlagsanstalt.de\/?p=5749"},"modified":"2023-08-31T11:08:33","modified_gmt":"2023-08-31T09:08:33","slug":"mike-rottmann","status":"publish","type":"post","link":"https:\/\/europaeischeverlagsanstalt.de\/?p=5749","title":{"rendered":"Mike Rottmann"},"content":{"rendered":"\n<p>Mike Rottmann ist Wissenschaftlicher Mitarbeiter am Institut f\u00fcr Germanistik der Heinrich-Heine-Universit\u00e4t D\u00fcsseldorf.<\/p>\n","protected":false},"excerpt":{"rendered":"<p>Mike Rottmann ist Wissenschaftlicher Mitarbeiter am Institut f\u00fcr Germanistik der Heinrich-Heine-Universit\u00e4t D\u00fcsseldorf.<\/p>\n","protected":false},"author":1,"featured_media":0,"comment_status":"open","ping_status":"closed","sticky":false,"template":"","format":"standard","meta":[],"categories":[1,21],"tags":[221],"_links":{"self":[{"href":"https:\/\/europaeischeverlagsanstalt.de\/index.php?rest_route=\/wp\/v2\/posts\/5749"}],"collection":[{"href":"https:\/\/europaeischeverlagsanstalt.de\/index.php?rest_route=\/wp\/v2\/posts"}],"about":[{"href":"https:\/\/europaeischeverlagsanstalt.de\/index.php?rest_route=\/wp\/v2\/types\/post"}],"author":[{"embeddable":true,"href":"https:\/\/europaeischeverlagsanstalt.de\/index.php?rest_route=\/wp\/v2\/users\/1"}],"replies":[{"embeddable":true,"href":"https:\/\/europaeischeverlagsanstalt.de\/index.php?rest_route=%2Fwp%2Fv2%2Fcomments&post=5749"}],"version-history":[{"count":3,"href":"https:\/\/europaeischeverlagsanstalt.de\/index.php?rest_route=\/wp\/v2\/posts\/5749\/revisions"}],"predecessor-version":[{"id":5752,"href":"https:\/\/europaeischeverlagsanstalt.de\/index.php?rest_route=\/wp\/v2\/posts\/5749\/revisions\/5752"}],"wp:attachment":[{"href":"https:\/\/europaeischeverlagsanstalt.de\/index.php?rest_route=%2Fwp%2Fv2%2Fmedia&parent=5749"}],"wp:term":[{"taxonomy":"category","embeddable":true,"href":"https:\/\/europaeischeverlagsanstalt.de\/index.php?rest_route=%2Fwp%2Fv2%2Fcategories&post=5749"},{"taxonomy":"post_tag","embeddable":true,"href":"https:\/\/europaeischeverlagsanstalt.de\/index.php?rest_route=%2Fwp%2Fv2%2Ftags&post=5749"}],"curies":[{"name":"wp","href":"https:\/\/api.w.org\/{rel}","templated":true}]}}