{"id":5746,"date":"2023-08-31T11:04:41","date_gmt":"2023-08-31T09:04:41","guid":{"rendered":"https:\/\/europaeischeverlagsanstalt.de\/?p=5746"},"modified":"2023-08-31T11:05:39","modified_gmt":"2023-08-31T09:05:39","slug":"gerhard-oberschlick","status":"publish","type":"post","link":"https:\/\/europaeischeverlagsanstalt.de\/?p=5746","title":{"rendered":"Gerhard Oberschlick"},"content":{"rendered":"\n<p>Gerhard Oberschlick ist ein \u00f6sterreichischer Publizist und war Herausgeber der Zeitschrift FORVM,<br>in der G\u00fcnther Anders viel publiziert hat. Er verwaltet den Nachlass von G\u00fcnther Anders.<\/p>\n","protected":false},"excerpt":{"rendered":"<p>Gerhard Oberschlick ist ein \u00f6sterreichischer Publizist und war Herausgeber der Zeitschrift FORVM,in der G\u00fcnther Anders viel publiziert hat. Er verwaltet den Nachlass von G\u00fcnther Anders.<\/p>\n","protected":false},"author":1,"featured_media":5350,"comment_status":"open","ping_status":"closed","sticky":false,"template":"","format":"standard","meta":[],"categories":[1,21],"tags":[220],"_links":{"self":[{"href":"https:\/\/europaeischeverlagsanstalt.de\/index.php?rest_route=\/wp\/v2\/posts\/5746"}],"collection":[{"href":"https:\/\/europaeischeverlagsanstalt.de\/index.php?rest_route=\/wp\/v2\/posts"}],"about":[{"href":"https:\/\/europaeischeverlagsanstalt.de\/index.php?rest_route=\/wp\/v2\/types\/post"}],"author":[{"embeddable":true,"href":"https:\/\/europaeischeverlagsanstalt.de\/index.php?rest_route=\/wp\/v2\/users\/1"}],"replies":[{"embeddable":true,"href":"https:\/\/europaeischeverlagsanstalt.de\/index.php?rest_route=%2Fwp%2Fv2%2Fcomments&post=5746"}],"version-history":[{"count":2,"href":"https:\/\/europaeischeverlagsanstalt.de\/index.php?rest_route=\/wp\/v2\/posts\/5746\/revisions"}],"predecessor-version":[{"id":5748,"href":"https:\/\/europaeischeverlagsanstalt.de\/index.php?rest_route=\/wp\/v2\/posts\/5746\/revisions\/5748"}],"wp:featuredmedia":[{"embeddable":true,"href":"https:\/\/europaeischeverlagsanstalt.de\/index.php?rest_route=\/wp\/v2\/media\/5350"}],"wp:attachment":[{"href":"https:\/\/europaeischeverlagsanstalt.de\/index.php?rest_route=%2Fwp%2Fv2%2Fmedia&parent=5746"}],"wp:term":[{"taxonomy":"category","embeddable":true,"href":"https:\/\/europaeischeverlagsanstalt.de\/index.php?rest_route=%2Fwp%2Fv2%2Fcategories&post=5746"},{"taxonomy":"post_tag","embeddable":true,"href":"https:\/\/europaeischeverlagsanstalt.de\/index.php?rest_route=%2Fwp%2Fv2%2Ftags&post=5746"}],"curies":[{"name":"wp","href":"https:\/\/api.w.org\/{rel}","templated":true}]}}