{"id":5294,"date":"2023-05-10T10:24:53","date_gmt":"2023-05-10T08:24:53","guid":{"rendered":"https:\/\/europaeischeverlagsanstalt.de\/?p=5294"},"modified":"2023-06-08T11:40:10","modified_gmt":"2023-06-08T09:40:10","slug":"steven-e-aschheim","status":"publish","type":"post","link":"https:\/\/europaeischeverlagsanstalt.de\/?p=5294","title":{"rendered":"Steven E. Aschheim"},"content":{"rendered":"\n<p><strong>Steven E. Aschheim<\/strong>, geb. 1942, ist Historiker und emeritierter Professor der Hebr\u00e4ischen Universit\u00e4t Jerusalem, wo er Kultur- und Ideengeschichte lehrte. Seine Forschungsgebiete umfassen die Intellektuellengeschichte, die moderne deutsche und j\u00fcdische Geschichte. Er war Inhaber zahlreicher Gastprofessuren an renommierten amerikanischen und europ\u00e4ischen Universit\u00e4ten (u.a. New York, Toronto, Berlin, Budapest, Dublin, Amsterdam). Zu seinen wichtigsten Ver\u00f6ffentlichungen z\u00e4hlen: Brothers and Strangers. The East European Jew in German and German-Jewish Consciousness, 1800\u20131923, Madison 1982; Nietzsche und die Deutschen. Karriere eines Kults, Stuttgart 1996; Hannah Arendt in Jerusalem, Princeton 2001 (als Herausgeber); Beyond the Border. The German-Jewish Legacy Abroad, Princeton 2007.<\/p>\n","protected":false},"excerpt":{"rendered":"<p>Steven E. Aschheim, geb. 1942, ist Historiker und emeritierter Professor der Hebr\u00e4ischen Universit\u00e4t Jerusalem, wo er Kultur- und Ideengeschichte lehrte. Seine Forschungsgebiete umfassen die Intellektuellengeschichte, die moderne deutsche und j\u00fcdische Geschichte. Er war Inhaber zahlreicher Gastprofessuren an renommierten amerikanischen und europ\u00e4ischen Universit\u00e4ten (u.a. New York, Toronto, Berlin, Budapest, Dublin, Amsterdam). Zu seinen wichtigsten Ver\u00f6ffentlichungen z\u00e4hlen:&#8230;<\/p>\n","protected":false},"author":1,"featured_media":5298,"comment_status":"open","ping_status":"closed","sticky":false,"template":"","format":"standard","meta":[],"categories":[1,21],"tags":[218],"_links":{"self":[{"href":"https:\/\/europaeischeverlagsanstalt.de\/index.php?rest_route=\/wp\/v2\/posts\/5294"}],"collection":[{"href":"https:\/\/europaeischeverlagsanstalt.de\/index.php?rest_route=\/wp\/v2\/posts"}],"about":[{"href":"https:\/\/europaeischeverlagsanstalt.de\/index.php?rest_route=\/wp\/v2\/types\/post"}],"author":[{"embeddable":true,"href":"https:\/\/europaeischeverlagsanstalt.de\/index.php?rest_route=\/wp\/v2\/users\/1"}],"replies":[{"embeddable":true,"href":"https:\/\/europaeischeverlagsanstalt.de\/index.php?rest_route=%2Fwp%2Fv2%2Fcomments&post=5294"}],"version-history":[{"count":3,"href":"https:\/\/europaeischeverlagsanstalt.de\/index.php?rest_route=\/wp\/v2\/posts\/5294\/revisions"}],"predecessor-version":[{"id":5299,"href":"https:\/\/europaeischeverlagsanstalt.de\/index.php?rest_route=\/wp\/v2\/posts\/5294\/revisions\/5299"}],"wp:featuredmedia":[{"embeddable":true,"href":"https:\/\/europaeischeverlagsanstalt.de\/index.php?rest_route=\/wp\/v2\/media\/5298"}],"wp:attachment":[{"href":"https:\/\/europaeischeverlagsanstalt.de\/index.php?rest_route=%2Fwp%2Fv2%2Fmedia&parent=5294"}],"wp:term":[{"taxonomy":"category","embeddable":true,"href":"https:\/\/europaeischeverlagsanstalt.de\/index.php?rest_route=%2Fwp%2Fv2%2Fcategories&post=5294"},{"taxonomy":"post_tag","embeddable":true,"href":"https:\/\/europaeischeverlagsanstalt.de\/index.php?rest_route=%2Fwp%2Fv2%2Ftags&post=5294"}],"curies":[{"name":"wp","href":"https:\/\/api.w.org\/{rel}","templated":true}]}}