{"id":5287,"date":"2023-05-10T10:20:11","date_gmt":"2023-05-10T08:20:11","guid":{"rendered":"https:\/\/europaeischeverlagsanstalt.de\/?p=5287"},"modified":"2023-06-08T11:40:34","modified_gmt":"2023-06-08T09:40:34","slug":"dirk-joerke","status":"publish","type":"post","link":"https:\/\/europaeischeverlagsanstalt.de\/?p=5287","title":{"rendered":"Dirk J\u00f6rke"},"content":{"rendered":"\n<p>geb. 1971, seit 2014 Professor f\u00fcr Politische Theorie und Ideengeschichte an der Technischen Universit\u00e4t Darmstadt. Er forscht u.a. \u00fcber Demokratietheorie, Populismus, Politische Anthropologie sowie John Dewey. Zu seinen wichtigsten Ver\u00f6ffentlichungen z\u00e4hlen: Die Gr\u00f6\u00dfe der Demokratie. \u00dcber die r\u00e4umliche Dimension von Herrschaft und Partizipation, Berlin 2019; (mit Veith Selk) Theorien des Populismus zur Einf\u00fchrung, Hamburg 2017.<\/p>\n","protected":false},"excerpt":{"rendered":"<p>geb. 1971, seit 2014 Professor f\u00fcr Politische Theorie und Ideengeschichte an der Technischen Universit\u00e4t Darmstadt. Er forscht u.a. \u00fcber Demokratietheorie, Populismus, Politische Anthropologie sowie John Dewey. Zu seinen wichtigsten Ver\u00f6ffentlichungen z\u00e4hlen: Die Gr\u00f6\u00dfe der Demokratie. \u00dcber die r\u00e4umliche Dimension von Herrschaft und Partizipation, Berlin 2019; (mit Veith Selk) Theorien des Populismus zur Einf\u00fchrung, Hamburg 2017.<\/p>\n","protected":false},"author":1,"featured_media":5291,"comment_status":"open","ping_status":"closed","sticky":false,"template":"","format":"standard","meta":[],"categories":[1,21],"tags":[217],"_links":{"self":[{"href":"https:\/\/europaeischeverlagsanstalt.de\/index.php?rest_route=\/wp\/v2\/posts\/5287"}],"collection":[{"href":"https:\/\/europaeischeverlagsanstalt.de\/index.php?rest_route=\/wp\/v2\/posts"}],"about":[{"href":"https:\/\/europaeischeverlagsanstalt.de\/index.php?rest_route=\/wp\/v2\/types\/post"}],"author":[{"embeddable":true,"href":"https:\/\/europaeischeverlagsanstalt.de\/index.php?rest_route=\/wp\/v2\/users\/1"}],"replies":[{"embeddable":true,"href":"https:\/\/europaeischeverlagsanstalt.de\/index.php?rest_route=%2Fwp%2Fv2%2Fcomments&post=5287"}],"version-history":[{"count":4,"href":"https:\/\/europaeischeverlagsanstalt.de\/index.php?rest_route=\/wp\/v2\/posts\/5287\/revisions"}],"predecessor-version":[{"id":5293,"href":"https:\/\/europaeischeverlagsanstalt.de\/index.php?rest_route=\/wp\/v2\/posts\/5287\/revisions\/5293"}],"wp:featuredmedia":[{"embeddable":true,"href":"https:\/\/europaeischeverlagsanstalt.de\/index.php?rest_route=\/wp\/v2\/media\/5291"}],"wp:attachment":[{"href":"https:\/\/europaeischeverlagsanstalt.de\/index.php?rest_route=%2Fwp%2Fv2%2Fmedia&parent=5287"}],"wp:term":[{"taxonomy":"category","embeddable":true,"href":"https:\/\/europaeischeverlagsanstalt.de\/index.php?rest_route=%2Fwp%2Fv2%2Fcategories&post=5287"},{"taxonomy":"post_tag","embeddable":true,"href":"https:\/\/europaeischeverlagsanstalt.de\/index.php?rest_route=%2Fwp%2Fv2%2Ftags&post=5287"}],"curies":[{"name":"wp","href":"https:\/\/api.w.org\/{rel}","templated":true}]}}