{"id":5281,"date":"2023-05-10T10:02:46","date_gmt":"2023-05-10T08:02:46","guid":{"rendered":"https:\/\/europaeischeverlagsanstalt.de\/?p=5281"},"modified":"2023-06-08T11:40:52","modified_gmt":"2023-06-08T09:40:52","slug":"wilfried-nippel","status":"publish","type":"post","link":"https:\/\/europaeischeverlagsanstalt.de\/?p=5281","title":{"rendered":"Wilfried Nippel"},"content":{"rendered":"\n<p>Wilfried Nippel (Jg. 1950) war 1983\u20131992 Professor f\u00fcr Alte Geschichte in Bielefeld und lehrte anschlie\u00dfend bis zu seiner Pensionierung 2015 an der Berliner Humboldt-Universit\u00e4t. Er ist Mitglied der Berlin-Brandenburgischen Akademie der Wissenschaften und erster Tr\u00e4ger des Karl-Christ-Preises (2013). Seine Forschungen behandeln die athenische Demokratie und die r\u00f6mische Republik, die politische Theorie der Antike und ihre neuzeitliche Rezeption sowie die Geschichte der Geschichts- und Sozialwissenschaften.&nbsp;Zu seinen wichtigsten Publikationen z\u00e4hlen: <em>Johann Gustav Droysen. Ein Leben zwischen Wissenschaft und Politik<\/em> (2008); <em>Antike oder moderne Freiheit? Die Begr\u00fcndung der Demokratie in Athen und in der Neuzeit<\/em> (2008); <em>Klio dichtet nicht. Studien zur Wissenschaftsgeschichte der Althistorie<\/em> (2013); <em>Karl Marx<\/em> (2018).<\/p>\n","protected":false},"excerpt":{"rendered":"<p>Wilfried Nippel (Jg. 1950) war 1983\u20131992 Professor f\u00fcr Alte Geschichte in Bielefeld und lehrte anschlie\u00dfend bis zu seiner Pensionierung 2015 an der Berliner Humboldt-Universit\u00e4t. Er ist Mitglied der Berlin-Brandenburgischen Akademie der Wissenschaften und erster Tr\u00e4ger des Karl-Christ-Preises (2013). Seine Forschungen behandeln die athenische Demokratie und die r\u00f6mische Republik, die politische Theorie der Antike und ihre&#8230;<\/p>\n","protected":false},"author":1,"featured_media":5285,"comment_status":"open","ping_status":"closed","sticky":false,"template":"","format":"standard","meta":[],"categories":[1,21],"tags":[216],"_links":{"self":[{"href":"https:\/\/europaeischeverlagsanstalt.de\/index.php?rest_route=\/wp\/v2\/posts\/5281"}],"collection":[{"href":"https:\/\/europaeischeverlagsanstalt.de\/index.php?rest_route=\/wp\/v2\/posts"}],"about":[{"href":"https:\/\/europaeischeverlagsanstalt.de\/index.php?rest_route=\/wp\/v2\/types\/post"}],"author":[{"embeddable":true,"href":"https:\/\/europaeischeverlagsanstalt.de\/index.php?rest_route=\/wp\/v2\/users\/1"}],"replies":[{"embeddable":true,"href":"https:\/\/europaeischeverlagsanstalt.de\/index.php?rest_route=%2Fwp%2Fv2%2Fcomments&post=5281"}],"version-history":[{"count":4,"href":"https:\/\/europaeischeverlagsanstalt.de\/index.php?rest_route=\/wp\/v2\/posts\/5281\/revisions"}],"predecessor-version":[{"id":5386,"href":"https:\/\/europaeischeverlagsanstalt.de\/index.php?rest_route=\/wp\/v2\/posts\/5281\/revisions\/5386"}],"wp:featuredmedia":[{"embeddable":true,"href":"https:\/\/europaeischeverlagsanstalt.de\/index.php?rest_route=\/wp\/v2\/media\/5285"}],"wp:attachment":[{"href":"https:\/\/europaeischeverlagsanstalt.de\/index.php?rest_route=%2Fwp%2Fv2%2Fmedia&parent=5281"}],"wp:term":[{"taxonomy":"category","embeddable":true,"href":"https:\/\/europaeischeverlagsanstalt.de\/index.php?rest_route=%2Fwp%2Fv2%2Fcategories&post=5281"},{"taxonomy":"post_tag","embeddable":true,"href":"https:\/\/europaeischeverlagsanstalt.de\/index.php?rest_route=%2Fwp%2Fv2%2Ftags&post=5281"}],"curies":[{"name":"wp","href":"https:\/\/api.w.org\/{rel}","templated":true}]}}