{"id":4966,"date":"2022-12-15T14:29:52","date_gmt":"2022-12-15T12:29:52","guid":{"rendered":"https:\/\/europaeischeverlagsanstalt.de\/?p=4966"},"modified":"2022-12-15T14:32:59","modified_gmt":"2022-12-15T12:32:59","slug":"ewald-grothe-2","status":"publish","type":"post","link":"https:\/\/europaeischeverlagsanstalt.de\/?p=4966","title":{"rendered":"Ewald Grothe"},"content":{"rendered":"\n<p>Ewald Grothe, geboren 1961, Studium der Geschichte, des \u00d6ffentlichen Rechts und der Rechtsgeschichte an der Philipps-Universit\u00e4t Marburg, 1994 Promotion in Marburg,<br>2004 Habilitation an der Bergischen Universit\u00e4t Wuppertal, seit 2007 Lehrbeauftragter an der Universit\u00e4t K\u00f6ln, seit 2009 au\u00dferplanm\u00e4\u00dfiger Professor fu\u0308r Neuere und Neueste<br>Geschichte in Wuppertal, seit 2011 Leiter des Archivs des Liberalismus der Friedrich-Naumann-Stiftung fu\u0308r die Freiheit in Gummersbach. Forschungsgebiete: Liberalismusgeschichte,<br>Verfassungsgeschichte, Wissenschaftsgeschichte.<\/p>\n","protected":false},"excerpt":{"rendered":"<p>Ewald Grothe, geboren 1961, Studium der Geschichte, des \u00d6ffentlichen Rechts und der Rechtsgeschichte an der Philipps-Universit\u00e4t Marburg, 1994 Promotion in Marburg,2004 Habilitation an der Bergischen Universit\u00e4t Wuppertal, seit 2007 Lehrbeauftragter an der Universit\u00e4t K\u00f6ln, seit 2009 au\u00dferplanm\u00e4\u00dfiger Professor fu\u0308r Neuere und NeuesteGeschichte in Wuppertal, seit 2011 Leiter des Archivs des Liberalismus der Friedrich-Naumann-Stiftung fu\u0308r die&#8230;<\/p>\n","protected":false},"author":1,"featured_media":4949,"comment_status":"open","ping_status":"closed","sticky":false,"template":"","format":"standard","meta":[],"categories":[21],"tags":[208],"_links":{"self":[{"href":"https:\/\/europaeischeverlagsanstalt.de\/index.php?rest_route=\/wp\/v2\/posts\/4966"}],"collection":[{"href":"https:\/\/europaeischeverlagsanstalt.de\/index.php?rest_route=\/wp\/v2\/posts"}],"about":[{"href":"https:\/\/europaeischeverlagsanstalt.de\/index.php?rest_route=\/wp\/v2\/types\/post"}],"author":[{"embeddable":true,"href":"https:\/\/europaeischeverlagsanstalt.de\/index.php?rest_route=\/wp\/v2\/users\/1"}],"replies":[{"embeddable":true,"href":"https:\/\/europaeischeverlagsanstalt.de\/index.php?rest_route=%2Fwp%2Fv2%2Fcomments&post=4966"}],"version-history":[{"count":2,"href":"https:\/\/europaeischeverlagsanstalt.de\/index.php?rest_route=\/wp\/v2\/posts\/4966\/revisions"}],"predecessor-version":[{"id":4968,"href":"https:\/\/europaeischeverlagsanstalt.de\/index.php?rest_route=\/wp\/v2\/posts\/4966\/revisions\/4968"}],"wp:featuredmedia":[{"embeddable":true,"href":"https:\/\/europaeischeverlagsanstalt.de\/index.php?rest_route=\/wp\/v2\/media\/4949"}],"wp:attachment":[{"href":"https:\/\/europaeischeverlagsanstalt.de\/index.php?rest_route=%2Fwp%2Fv2%2Fmedia&parent=4966"}],"wp:term":[{"taxonomy":"category","embeddable":true,"href":"https:\/\/europaeischeverlagsanstalt.de\/index.php?rest_route=%2Fwp%2Fv2%2Fcategories&post=4966"},{"taxonomy":"post_tag","embeddable":true,"href":"https:\/\/europaeischeverlagsanstalt.de\/index.php?rest_route=%2Fwp%2Fv2%2Ftags&post=4966"}],"curies":[{"name":"wp","href":"https:\/\/api.w.org\/{rel}","templated":true}]}}