{"id":4350,"date":"2022-05-10T10:33:29","date_gmt":"2022-05-10T08:33:29","guid":{"rendered":"https:\/\/europaeischeverlagsanstalt.de\/?p=4350"},"modified":"2022-08-18T11:44:40","modified_gmt":"2022-08-18T09:44:40","slug":"wolfgang-kraushaar","status":"publish","type":"post","link":"https:\/\/europaeischeverlagsanstalt.de\/?p=4350","title":{"rendered":"Wolfgang Kraushaar"},"content":{"rendered":"\n<p>Wolfgang Kraushaar, geb. 1948, arbeitete bis 2015 als Politikwissenschaftler am Hamburger Institut f\u00fcr Sozialforschung und forscht seitdem an der Hamburger Stiftung zur F\u00f6rderung von Wissenschaft und Kultur \u00fcber Protestbewegungen sowie die RAF und den internationalen Terrorismus. 2004 nahm er eine Gastprofessur an der Beijing Normal University wahr, zudem Lehrauftr\u00e4ge an den Universit\u00e4ten Hamburg, Berlin (FU) und Z\u00fcrich. Einen Namen hat er sich insbesondere mit der Historisierung der 68er-Bewegung und des linken Terrorismus gemacht. Zu seinen wichtigsten Werken z\u00e4hlen Die Protest-Chronik (1996), Frankfurter Schule und Studentenbewegung (1998), Die Bombe im J\u00fcdischen Gemeindehaus (2010) und Die 68er-Bewegung international (2018).<\/p>\n","protected":false},"excerpt":{"rendered":"<p>Wolfgang Kraushaar, geb. 1948, arbeitete bis 2015 als Politikwissenschaftler am Hamburger Institut f\u00fcr Sozialforschung und forscht seitdem an der Hamburger Stiftung zur F\u00f6rderung von Wissenschaft und Kultur \u00fcber Protestbewegungen sowie die RAF und den internationalen Terrorismus. 2004 nahm er eine Gastprofessur an der Beijing Normal University wahr, zudem Lehrauftr\u00e4ge an den Universit\u00e4ten Hamburg, Berlin (FU)&#8230;<\/p>\n","protected":false},"author":1,"featured_media":4351,"comment_status":"open","ping_status":"closed","sticky":false,"template":"","format":"standard","meta":[],"categories":[1,21],"tags":[197],"_links":{"self":[{"href":"https:\/\/europaeischeverlagsanstalt.de\/index.php?rest_route=\/wp\/v2\/posts\/4350"}],"collection":[{"href":"https:\/\/europaeischeverlagsanstalt.de\/index.php?rest_route=\/wp\/v2\/posts"}],"about":[{"href":"https:\/\/europaeischeverlagsanstalt.de\/index.php?rest_route=\/wp\/v2\/types\/post"}],"author":[{"embeddable":true,"href":"https:\/\/europaeischeverlagsanstalt.de\/index.php?rest_route=\/wp\/v2\/users\/1"}],"replies":[{"embeddable":true,"href":"https:\/\/europaeischeverlagsanstalt.de\/index.php?rest_route=%2Fwp%2Fv2%2Fcomments&post=4350"}],"version-history":[{"count":5,"href":"https:\/\/europaeischeverlagsanstalt.de\/index.php?rest_route=\/wp\/v2\/posts\/4350\/revisions"}],"predecessor-version":[{"id":4483,"href":"https:\/\/europaeischeverlagsanstalt.de\/index.php?rest_route=\/wp\/v2\/posts\/4350\/revisions\/4483"}],"wp:featuredmedia":[{"embeddable":true,"href":"https:\/\/europaeischeverlagsanstalt.de\/index.php?rest_route=\/wp\/v2\/media\/4351"}],"wp:attachment":[{"href":"https:\/\/europaeischeverlagsanstalt.de\/index.php?rest_route=%2Fwp%2Fv2%2Fmedia&parent=4350"}],"wp:term":[{"taxonomy":"category","embeddable":true,"href":"https:\/\/europaeischeverlagsanstalt.de\/index.php?rest_route=%2Fwp%2Fv2%2Fcategories&post=4350"},{"taxonomy":"post_tag","embeddable":true,"href":"https:\/\/europaeischeverlagsanstalt.de\/index.php?rest_route=%2Fwp%2Fv2%2Ftags&post=4350"}],"curies":[{"name":"wp","href":"https:\/\/api.w.org\/{rel}","templated":true}]}}