{"id":4340,"date":"2022-05-10T10:17:11","date_gmt":"2022-05-10T08:17:11","guid":{"rendered":"https:\/\/europaeischeverlagsanstalt.de\/?p=4340"},"modified":"2023-01-17T11:07:36","modified_gmt":"2023-01-17T09:07:36","slug":"dolf-sternberger","status":"publish","type":"post","link":"https:\/\/europaeischeverlagsanstalt.de\/?p=4340","title":{"rendered":"Dolf Sternberger"},"content":{"rendered":"\n<p>Dolf Sternberger (1907-1989) geh\u00f6rt zu den Mitbegr\u00fcndern der deutschen Politikwissenschaft nach 1945. Sein Philosophiestudium hatte er mit einer der ersten wissenschaftlichen Arbeiten \u00fcber Heidegger abgeschlossen, bevor er Redakteur bei der legend\u00e4ren Frankfurter Zeitung wurde und dort bis 1943 regimefern t\u00e4tig blieb. In den letzten Kriegsmonaten versteckte er seine j\u00fcdische Frau vor der Deportation. Sternberger avancierte w\u00e4hrend der Besatzungszeit zu einem der wichtigsten politischen Publizisten in den Zeitschriften Die Wandlung und Die Gegenwart, er lehrte Politische Wissenschaft an der Universit\u00e4t Heidelberg und blieb als \u201eDemokratielehrer\u201c im Hessischen Rundfunk und in der Frankfurter Allgemeinen Zeitung \u00fcber lange Jahre einem gro\u00dfen Publikum verbunden. Zu seinen wichtigsten Werken (die im Suhrkamp Verlag erschienen) z\u00e4hlen Grund und Abgrund der Macht (1962) und Drei Wurzeln der Politik (1977).<\/p>\n","protected":false},"excerpt":{"rendered":"<p>Dolf Sternberger (1907-1989) geh\u00f6rt zu den Mitbegr\u00fcndern der deutschen Politikwissenschaft nach 1945. Sein Philosophiestudium hatte er mit einer der ersten wissenschaftlichen Arbeiten \u00fcber Heidegger abgeschlossen, bevor er Redakteur bei der legend\u00e4ren Frankfurter Zeitung wurde und dort bis 1943 regimefern t\u00e4tig blieb. In den letzten Kriegsmonaten versteckte er seine j\u00fcdische Frau vor der Deportation. Sternberger avancierte&#8230;<\/p>\n","protected":false},"author":1,"featured_media":4341,"comment_status":"open","ping_status":"closed","sticky":false,"template":"","format":"standard","meta":[],"categories":[1,21],"tags":[196],"_links":{"self":[{"href":"https:\/\/europaeischeverlagsanstalt.de\/index.php?rest_route=\/wp\/v2\/posts\/4340"}],"collection":[{"href":"https:\/\/europaeischeverlagsanstalt.de\/index.php?rest_route=\/wp\/v2\/posts"}],"about":[{"href":"https:\/\/europaeischeverlagsanstalt.de\/index.php?rest_route=\/wp\/v2\/types\/post"}],"author":[{"embeddable":true,"href":"https:\/\/europaeischeverlagsanstalt.de\/index.php?rest_route=\/wp\/v2\/users\/1"}],"replies":[{"embeddable":true,"href":"https:\/\/europaeischeverlagsanstalt.de\/index.php?rest_route=%2Fwp%2Fv2%2Fcomments&post=4340"}],"version-history":[{"count":8,"href":"https:\/\/europaeischeverlagsanstalt.de\/index.php?rest_route=\/wp\/v2\/posts\/4340\/revisions"}],"predecessor-version":[{"id":5016,"href":"https:\/\/europaeischeverlagsanstalt.de\/index.php?rest_route=\/wp\/v2\/posts\/4340\/revisions\/5016"}],"wp:featuredmedia":[{"embeddable":true,"href":"https:\/\/europaeischeverlagsanstalt.de\/index.php?rest_route=\/wp\/v2\/media\/4341"}],"wp:attachment":[{"href":"https:\/\/europaeischeverlagsanstalt.de\/index.php?rest_route=%2Fwp%2Fv2%2Fmedia&parent=4340"}],"wp:term":[{"taxonomy":"category","embeddable":true,"href":"https:\/\/europaeischeverlagsanstalt.de\/index.php?rest_route=%2Fwp%2Fv2%2Fcategories&post=4340"},{"taxonomy":"post_tag","embeddable":true,"href":"https:\/\/europaeischeverlagsanstalt.de\/index.php?rest_route=%2Fwp%2Fv2%2Ftags&post=4340"}],"curies":[{"name":"wp","href":"https:\/\/api.w.org\/{rel}","templated":true}]}}