{"id":4327,"date":"2022-05-09T12:52:41","date_gmt":"2022-05-09T10:52:41","guid":{"rendered":"https:\/\/europaeischeverlagsanstalt.de\/?p=4327"},"modified":"2022-08-18T11:45:47","modified_gmt":"2022-08-18T09:45:47","slug":"georg-kohler","status":"publish","type":"post","link":"https:\/\/europaeischeverlagsanstalt.de\/?p=4327","title":{"rendered":"Georg Kohler"},"content":{"rendered":"\n<p>Georg Kohler, geb. 1945, ist ein Schweizer Philosoph, Publizist und Professor em. f\u00fcr politische Philosophie an der Universit\u00e4t Z\u00fcrich. Nach einer Lehrstuhlvertretung an der Universit\u00e4t M\u00fcnchen wurde er 1994 als Nachfolger von Hermann L\u00fcbbe als Ordinarius auf den Lehrstuhl f\u00fcr politische Philosophie nach Z\u00fcrich berufen. Ver\u00f6ffentl. u.a.: Handeln und Rechtfertigen. Untersuchungen zur Struktur der praktischen Rationalit\u00e4t. Frankfurt am Main, 1988. \u00dcber das B\u00f6se, das Gl\u00fcck und andere R\u00e4tsel. Zur Kunst des Philosophierens. Z\u00fcrich, 2005. B\u00fcrgertugend und Willensnation. \u00dcber den Gemeinsinn und die Schweiz. Z\u00fcrich, 2010. Zahlr. Buchbeitr\u00e4ge und Artikel. Georg Kohler publiziert regelm\u00e4\u00dfig in Tageszeitungen, vor allem in der Neuen Z\u00fcrcher Zeitung.<\/p>\n","protected":false},"excerpt":{"rendered":"<p>Georg Kohler, geb. 1945, ist ein Schweizer Philosoph, Publizist und Professor em. f\u00fcr politische Philosophie an der Universit\u00e4t Z\u00fcrich. Nach einer Lehrstuhlvertretung an der Universit\u00e4t M\u00fcnchen wurde er 1994 als Nachfolger von Hermann L\u00fcbbe als Ordinarius auf den Lehrstuhl f\u00fcr politische Philosophie nach Z\u00fcrich berufen. Ver\u00f6ffentl. u.a.: Handeln und Rechtfertigen. Untersuchungen zur Struktur der praktischen&#8230;<\/p>\n","protected":false},"author":1,"featured_media":4328,"comment_status":"open","ping_status":"closed","sticky":false,"template":"","format":"standard","meta":[],"categories":[1,21],"tags":[195],"_links":{"self":[{"href":"https:\/\/europaeischeverlagsanstalt.de\/index.php?rest_route=\/wp\/v2\/posts\/4327"}],"collection":[{"href":"https:\/\/europaeischeverlagsanstalt.de\/index.php?rest_route=\/wp\/v2\/posts"}],"about":[{"href":"https:\/\/europaeischeverlagsanstalt.de\/index.php?rest_route=\/wp\/v2\/types\/post"}],"author":[{"embeddable":true,"href":"https:\/\/europaeischeverlagsanstalt.de\/index.php?rest_route=\/wp\/v2\/users\/1"}],"replies":[{"embeddable":true,"href":"https:\/\/europaeischeverlagsanstalt.de\/index.php?rest_route=%2Fwp%2Fv2%2Fcomments&post=4327"}],"version-history":[{"count":4,"href":"https:\/\/europaeischeverlagsanstalt.de\/index.php?rest_route=\/wp\/v2\/posts\/4327\/revisions"}],"predecessor-version":[{"id":4484,"href":"https:\/\/europaeischeverlagsanstalt.de\/index.php?rest_route=\/wp\/v2\/posts\/4327\/revisions\/4484"}],"wp:featuredmedia":[{"embeddable":true,"href":"https:\/\/europaeischeverlagsanstalt.de\/index.php?rest_route=\/wp\/v2\/media\/4328"}],"wp:attachment":[{"href":"https:\/\/europaeischeverlagsanstalt.de\/index.php?rest_route=%2Fwp%2Fv2%2Fmedia&parent=4327"}],"wp:term":[{"taxonomy":"category","embeddable":true,"href":"https:\/\/europaeischeverlagsanstalt.de\/index.php?rest_route=%2Fwp%2Fv2%2Fcategories&post=4327"},{"taxonomy":"post_tag","embeddable":true,"href":"https:\/\/europaeischeverlagsanstalt.de\/index.php?rest_route=%2Fwp%2Fv2%2Ftags&post=4327"}],"curies":[{"name":"wp","href":"https:\/\/api.w.org\/{rel}","templated":true}]}}