{"id":4199,"date":"2022-04-19T11:52:20","date_gmt":"2022-04-19T09:52:20","guid":{"rendered":"https:\/\/europaeischeverlagsanstalt.de\/?p=4199"},"modified":"2022-04-19T12:13:01","modified_gmt":"2022-04-19T10:13:01","slug":"michael-dreyer-und-ulrich-sieg","status":"publish","type":"post","link":"https:\/\/europaeischeverlagsanstalt.de\/?p=4199","title":{"rendered":"Michael Dreyer und Ulrich Sieg"},"content":{"rendered":"\n<p>Michael Dreyer leitet zusammen mit Andreas Braune die Forschungsstelle Weimarer Republik an der Universit\u00e4t Jena und ist Vorsitzender des Vereins \u201eWeimarer Republik e.V.\u201cSeine Forschungsschwerpunkte sind die Ideengeschichte des 19. und 20. Jahrhunderts in Deutschland und den USA, die Verfassungsordnung, politische Theorie und internationale Wirkung der Weimarer Republik, das politische System der USA. Ver\u00f6ffentlichungen u.a.<em> \u201eHugo Preu\u00df (1860\u20131925). Biographie eines Demokraten\u201c, Stuttgart, 2018; <\/em>mit Oliver Lembcke:&nbsp;<em>Die deutsche Diskussion um die Kriegsschuldfrage 1918\/19, <\/em>Berlin 1998 , sowie zahlreiche Herausgaben.<\/p>\n\n\n\n<p>Ulrich Sieg lehrt als au\u00dferplanm\u00e4\u00dfiger Professor Neueste Geschichte an der Philipps-Universit\u00e4t Marburg. Wissenschaftliche T\u00e4tigkeit in Asunc\u00edon, Jerusalem, Montreal, Oxford, Tokio und Washington. Buchver\u00f6ffentlichungen u.a.: Aufstieg und Niedergang des Marburger Neukantianismus. Die Geschichte einer philosophischen Schulgemeinschaft, W\u00fcrzburg 1994; J\u00fcdische Intellektuelle im Ersten Weltkrieg. Kriegserfahrungen, weltanschauliche Debatten und kulturelle Neuentw\u00fcrfe, Berlin 2001 (2. Aufl. 2008); Deutschlands Prophet. Paul de Lagarde und die Urspr\u00fcnge des modernen Antisemitismus, M\u00fcnchen 2007 (engl. \u00dcbersetzung 2013); Geist und Gewalt. Deutsche Philosophen zwischen Kaiserreich und Nationalsozialismus, M\u00fcnchen 2013; Die Macht des Willens. Elisabeth F\u00f6rster-Nietzsche und ihre Welt, M\u00fcnchen 2019.<\/p>\n","protected":false},"excerpt":{"rendered":"<p>Michael Dreyer leitet zusammen mit Andreas Braune die Forschungsstelle Weimarer Republik an der Universit\u00e4t Jena und ist Vorsitzender des Vereins \u201eWeimarer Republik e.V.\u201cSeine Forschungsschwerpunkte sind die Ideengeschichte des 19. und 20. Jahrhunderts in Deutschland und den USA, die Verfassungsordnung, politische Theorie und internationale Wirkung der Weimarer Republik, das politische System der USA. Ver\u00f6ffentlichungen u.a. \u201eHugo&#8230;<\/p>\n","protected":false},"author":1,"featured_media":0,"comment_status":"open","ping_status":"closed","sticky":false,"template":"","format":"standard","meta":[],"categories":[1],"tags":[186,178],"_links":{"self":[{"href":"https:\/\/europaeischeverlagsanstalt.de\/index.php?rest_route=\/wp\/v2\/posts\/4199"}],"collection":[{"href":"https:\/\/europaeischeverlagsanstalt.de\/index.php?rest_route=\/wp\/v2\/posts"}],"about":[{"href":"https:\/\/europaeischeverlagsanstalt.de\/index.php?rest_route=\/wp\/v2\/types\/post"}],"author":[{"embeddable":true,"href":"https:\/\/europaeischeverlagsanstalt.de\/index.php?rest_route=\/wp\/v2\/users\/1"}],"replies":[{"embeddable":true,"href":"https:\/\/europaeischeverlagsanstalt.de\/index.php?rest_route=%2Fwp%2Fv2%2Fcomments&post=4199"}],"version-history":[{"count":3,"href":"https:\/\/europaeischeverlagsanstalt.de\/index.php?rest_route=\/wp\/v2\/posts\/4199\/revisions"}],"predecessor-version":[{"id":4202,"href":"https:\/\/europaeischeverlagsanstalt.de\/index.php?rest_route=\/wp\/v2\/posts\/4199\/revisions\/4202"}],"wp:attachment":[{"href":"https:\/\/europaeischeverlagsanstalt.de\/index.php?rest_route=%2Fwp%2Fv2%2Fmedia&parent=4199"}],"wp:term":[{"taxonomy":"category","embeddable":true,"href":"https:\/\/europaeischeverlagsanstalt.de\/index.php?rest_route=%2Fwp%2Fv2%2Fcategories&post=4199"},{"taxonomy":"post_tag","embeddable":true,"href":"https:\/\/europaeischeverlagsanstalt.de\/index.php?rest_route=%2Fwp%2Fv2%2Ftags&post=4199"}],"curies":[{"name":"wp","href":"https:\/\/api.w.org\/{rel}","templated":true}]}}