{"id":4078,"date":"2022-04-12T11:11:41","date_gmt":"2022-04-12T09:11:41","guid":{"rendered":"https:\/\/europaeischeverlagsanstalt.de\/?p=4078"},"modified":"2023-10-20T13:05:43","modified_gmt":"2023-10-20T11:05:43","slug":"george-l-mosse","status":"publish","type":"post","link":"https:\/\/europaeischeverlagsanstalt.de\/?p=4078","title":{"rendered":"George L. Mosse"},"content":{"rendered":"\n<p><span class=\"has-inline-color has-content-heading-color\">George L. Mosse (1918 \u2013 1999) war ein Enkel des Berliner Zeitungsverlegers Rudolf Mosse. In der Emigration studierte er erst in Cambridge, sp\u00e4ter am Haverford College, Pennsylvania. \u00a0In dieser Zeit wurde Mosse US-amerikanischer Staatsb\u00fcrger. In Harvard promovierte er 1946. 1955 wurde er Professor f\u00fcr Europ\u00e4ische Geschichte an der University of Wisconsin-Madison. Als Historiker besch\u00e4ftigte er sich besonders mit dem 20. Jahrhundert. Bekannt geworden ist er mit seinen Studien \u00fcber die Geschichte des  europ\u00e4ischen Judentums, des Rassismus und des Verh\u00e4ltnisses von Nationalsozialismus \u00a0und Sexualit\u00e4t. Ab 1969 lehrte er jedes zweite Semester Deutsche Geschichte an der Hebr\u00e4ischen Universit\u00e4t in Jerusalem und war dort 1980\u201385 erster Inhaber des Lehrstuhles f\u00fcr deutsche Geschichte. Zudem ist er der Namensgeber der Mosse-Lectures an der HU, Berlin<em>.<\/em><\/span><\/p>\n","protected":false},"excerpt":{"rendered":"<p>George L. Mosse (1918 \u2013 1999) war ein Enkel des Berliner Zeitungsverlegers Rudolf Mosse. In der Emigration studierte er erst in Cambridge, sp\u00e4ter am Haverford College, Pennsylvania. \u00a0In dieser Zeit wurde Mosse US-amerikanischer Staatsb\u00fcrger. In Harvard promovierte er 1946. 1955 wurde er Professor f\u00fcr Europ\u00e4ische Geschichte an der University of Wisconsin-Madison. Als Historiker besch\u00e4ftigte er&#8230;<\/p>\n","protected":false},"author":1,"featured_media":4079,"comment_status":"open","ping_status":"closed","sticky":false,"template":"","format":"standard","meta":[],"categories":[1,21,19],"tags":[194],"_links":{"self":[{"href":"https:\/\/europaeischeverlagsanstalt.de\/index.php?rest_route=\/wp\/v2\/posts\/4078"}],"collection":[{"href":"https:\/\/europaeischeverlagsanstalt.de\/index.php?rest_route=\/wp\/v2\/posts"}],"about":[{"href":"https:\/\/europaeischeverlagsanstalt.de\/index.php?rest_route=\/wp\/v2\/types\/post"}],"author":[{"embeddable":true,"href":"https:\/\/europaeischeverlagsanstalt.de\/index.php?rest_route=\/wp\/v2\/users\/1"}],"replies":[{"embeddable":true,"href":"https:\/\/europaeischeverlagsanstalt.de\/index.php?rest_route=%2Fwp%2Fv2%2Fcomments&post=4078"}],"version-history":[{"count":6,"href":"https:\/\/europaeischeverlagsanstalt.de\/index.php?rest_route=\/wp\/v2\/posts\/4078\/revisions"}],"predecessor-version":[{"id":5809,"href":"https:\/\/europaeischeverlagsanstalt.de\/index.php?rest_route=\/wp\/v2\/posts\/4078\/revisions\/5809"}],"wp:featuredmedia":[{"embeddable":true,"href":"https:\/\/europaeischeverlagsanstalt.de\/index.php?rest_route=\/wp\/v2\/media\/4079"}],"wp:attachment":[{"href":"https:\/\/europaeischeverlagsanstalt.de\/index.php?rest_route=%2Fwp%2Fv2%2Fmedia&parent=4078"}],"wp:term":[{"taxonomy":"category","embeddable":true,"href":"https:\/\/europaeischeverlagsanstalt.de\/index.php?rest_route=%2Fwp%2Fv2%2Fcategories&post=4078"},{"taxonomy":"post_tag","embeddable":true,"href":"https:\/\/europaeischeverlagsanstalt.de\/index.php?rest_route=%2Fwp%2Fv2%2Ftags&post=4078"}],"curies":[{"name":"wp","href":"https:\/\/api.w.org\/{rel}","templated":true}]}}