{"id":3984,"date":"2022-04-06T10:37:57","date_gmt":"2022-04-06T08:37:57","guid":{"rendered":"https:\/\/europaeischeverlagsanstalt.de\/?p=3984"},"modified":"2022-04-19T12:17:16","modified_gmt":"2022-04-19T10:17:16","slug":"soren-kierkegaard","status":"publish","type":"post","link":"https:\/\/europaeischeverlagsanstalt.de\/?p=3984","title":{"rendered":"S\u00f8ren Kierkegaard"},"content":{"rendered":"\n<p>S\u00f8ren Kierkegaard, geboren am 5. Mai 1813 in Kopenhagen, gestorben am 11. November 1855 ebendort war ein d\u00e4nischer Theologe und Philosoph. Scharfz\u00fcngiger Polemiker, vehementer Kritiker des offiziellen Kirchenchristentums sowie der Systemphilosophie hegelscher Pr\u00e4gung. Begr\u00fcnder der dialektischen Philosophie sowie der modernen Existenzphilosophie. Die wichtigsten Werke: Entweder-Oder (1843); Furcht und Zittern(1843); Der Begriff Angst (1844); abschlie\u00dfende unwissenschaftliche Nachschrift zu den Philosophischen Brocken (1846); Die Krankheit zum Tode (1849); Ein\u00fcbung im Christentum (1850) Flugschriften, Tageb\u00fccher.<\/p>\n","protected":false},"excerpt":{"rendered":"<p>S\u00f8ren Kierkegaard, geboren am 5. Mai 1813 in Kopenhagen, gestorben am 11. November 1855 ebendort war ein d\u00e4nischer Theologe und Philosoph. Scharfz\u00fcngiger Polemiker, vehementer Kritiker des offiziellen Kirchenchristentums sowie der Systemphilosophie hegelscher Pr\u00e4gung. Begr\u00fcnder der dialektischen Philosophie sowie der modernen Existenzphilosophie. Die wichtigsten Werke: Entweder-Oder (1843); Furcht und Zittern(1843); Der Begriff Angst (1844); abschlie\u00dfende unwissenschaftliche&#8230;<\/p>\n","protected":false},"author":1,"featured_media":3985,"comment_status":"open","ping_status":"closed","sticky":false,"template":"","format":"standard","meta":[],"categories":[1,21,19],"tags":[118],"_links":{"self":[{"href":"https:\/\/europaeischeverlagsanstalt.de\/index.php?rest_route=\/wp\/v2\/posts\/3984"}],"collection":[{"href":"https:\/\/europaeischeverlagsanstalt.de\/index.php?rest_route=\/wp\/v2\/posts"}],"about":[{"href":"https:\/\/europaeischeverlagsanstalt.de\/index.php?rest_route=\/wp\/v2\/types\/post"}],"author":[{"embeddable":true,"href":"https:\/\/europaeischeverlagsanstalt.de\/index.php?rest_route=\/wp\/v2\/users\/1"}],"replies":[{"embeddable":true,"href":"https:\/\/europaeischeverlagsanstalt.de\/index.php?rest_route=%2Fwp%2Fv2%2Fcomments&post=3984"}],"version-history":[{"count":13,"href":"https:\/\/europaeischeverlagsanstalt.de\/index.php?rest_route=\/wp\/v2\/posts\/3984\/revisions"}],"predecessor-version":[{"id":4210,"href":"https:\/\/europaeischeverlagsanstalt.de\/index.php?rest_route=\/wp\/v2\/posts\/3984\/revisions\/4210"}],"wp:featuredmedia":[{"embeddable":true,"href":"https:\/\/europaeischeverlagsanstalt.de\/index.php?rest_route=\/wp\/v2\/media\/3985"}],"wp:attachment":[{"href":"https:\/\/europaeischeverlagsanstalt.de\/index.php?rest_route=%2Fwp%2Fv2%2Fmedia&parent=3984"}],"wp:term":[{"taxonomy":"category","embeddable":true,"href":"https:\/\/europaeischeverlagsanstalt.de\/index.php?rest_route=%2Fwp%2Fv2%2Fcategories&post=3984"},{"taxonomy":"post_tag","embeddable":true,"href":"https:\/\/europaeischeverlagsanstalt.de\/index.php?rest_route=%2Fwp%2Fv2%2Ftags&post=3984"}],"curies":[{"name":"wp","href":"https:\/\/api.w.org\/{rel}","templated":true}]}}