{"id":3965,"date":"2022-04-06T09:49:55","date_gmt":"2022-04-06T07:49:55","guid":{"rendered":"https:\/\/europaeischeverlagsanstalt.de\/?p=3965"},"modified":"2022-04-06T10:03:22","modified_gmt":"2022-04-06T08:03:22","slug":"esther-benbassa","status":"publish","type":"post","link":"https:\/\/europaeischeverlagsanstalt.de\/?p=3965","title":{"rendered":"Esther Benbassa"},"content":{"rendered":"\n<p>Esther Benbassa, geboren am 27. M\u00e4rz 1950 in Istanbul, ist eine franz\u00f6sische Historikerin, Hochschullehrerin und Politikerin. Benbassa stammt aus einer Familie sephardischer Juden in Istanbul. Im Alter von 15 Jahren, 1965, verliess Benbassa die T\u00fcrkei und wanderte nach Israel aus. 1972 schloss sie ihr Studium der Philosophie und franz\u00f6sischen Literatur an der Universit\u00e4t Tel Aviv ab (BA)und begann im selben Jahr mit der Fortsetzung ihrer Studien an der Universit\u00e4t Paris VIII. 1975 beendete sie diese mit einem Master. 1978 promovierte sie an der Universit\u00e4t Paris VIII. 1987 promovierte Easther Benbassa an der Universit\u00e4t Paris III. 1988\u201389 schloss sie ein Post-Promotions-Studien an der Hebr\u00e4ischen Universit\u00e4t Jerusalem an. Von 1989 bis 2000 arbeitete sie als Forschungsdirektorin Centre national de la recherche scientifique (CNRS). Dazwischen, im Jahr 1996, war sie als Gastwissenschaftlerin am Moses Mendelssohn Zentrum f\u00fcr europ\u00e4isch-j\u00fcdische Studien der Universit\u00e4t Potsdam t\u00e4tig. 2000 berief sie die Sorbonne zur Professorin f\u00fcr j\u00fcdische Geschichte der Neuzeit, an der Esther Benbassa bis September 2011 lehrte. Benbassa gr\u00fcndete 2002 das Centre Alberto Benveniste d&#8217;\u00e9tudes s\u00e9pharades et d&#8217;histoire socioculturelle des Juifs, das sie seither auch leitet. Au\u00dferdem forscht sie am Centre Roland Mousnier (CNRS-Universit\u00e4t Paris IV).<br>Am 1. Oktober 2011 wurde sie als Senatorin \u00fcber die Liste der Gr\u00fcnen Partei Frankreichs, Europe \u00c9cologie-Les Verts, in die 2. Kammer der franz\u00f6sischen Parlaments gew\u00e4hlt.<\/p>\n","protected":false},"excerpt":{"rendered":"<p>Esther Benbassa, geboren am 27. M\u00e4rz 1950 in Istanbul, ist eine franz\u00f6sische Historikerin, Hochschullehrerin und Politikerin. Benbassa stammt aus einer Familie sephardischer Juden in Istanbul. Im Alter von 15 Jahren, 1965, verliess Benbassa die T\u00fcrkei und wanderte nach Israel aus. 1972 schloss sie ihr Studium der Philosophie und franz\u00f6sischen Literatur an der Universit\u00e4t Tel Aviv&#8230;<\/p>\n","protected":false},"author":1,"featured_media":3966,"comment_status":"open","ping_status":"closed","sticky":false,"template":"","format":"standard","meta":[],"categories":[1,21,19],"tags":[191],"_links":{"self":[{"href":"https:\/\/europaeischeverlagsanstalt.de\/index.php?rest_route=\/wp\/v2\/posts\/3965"}],"collection":[{"href":"https:\/\/europaeischeverlagsanstalt.de\/index.php?rest_route=\/wp\/v2\/posts"}],"about":[{"href":"https:\/\/europaeischeverlagsanstalt.de\/index.php?rest_route=\/wp\/v2\/types\/post"}],"author":[{"embeddable":true,"href":"https:\/\/europaeischeverlagsanstalt.de\/index.php?rest_route=\/wp\/v2\/users\/1"}],"replies":[{"embeddable":true,"href":"https:\/\/europaeischeverlagsanstalt.de\/index.php?rest_route=%2Fwp%2Fv2%2Fcomments&post=3965"}],"version-history":[{"count":8,"href":"https:\/\/europaeischeverlagsanstalt.de\/index.php?rest_route=\/wp\/v2\/posts\/3965\/revisions"}],"predecessor-version":[{"id":3976,"href":"https:\/\/europaeischeverlagsanstalt.de\/index.php?rest_route=\/wp\/v2\/posts\/3965\/revisions\/3976"}],"wp:featuredmedia":[{"embeddable":true,"href":"https:\/\/europaeischeverlagsanstalt.de\/index.php?rest_route=\/wp\/v2\/media\/3966"}],"wp:attachment":[{"href":"https:\/\/europaeischeverlagsanstalt.de\/index.php?rest_route=%2Fwp%2Fv2%2Fmedia&parent=3965"}],"wp:term":[{"taxonomy":"category","embeddable":true,"href":"https:\/\/europaeischeverlagsanstalt.de\/index.php?rest_route=%2Fwp%2Fv2%2Fcategories&post=3965"},{"taxonomy":"post_tag","embeddable":true,"href":"https:\/\/europaeischeverlagsanstalt.de\/index.php?rest_route=%2Fwp%2Fv2%2Ftags&post=3965"}],"curies":[{"name":"wp","href":"https:\/\/api.w.org\/{rel}","templated":true}]}}