{"id":3952,"date":"2022-04-06T09:15:33","date_gmt":"2022-04-06T07:15:33","guid":{"rendered":"https:\/\/europaeischeverlagsanstalt.de\/?p=3952"},"modified":"2022-04-19T11:15:56","modified_gmt":"2022-04-19T09:15:56","slug":"paul-schmidt","status":"publish","type":"post","link":"https:\/\/europaeischeverlagsanstalt.de\/?p=3952","title":{"rendered":"Paul Schmidt"},"content":{"rendered":"\n<p>Paul Schmidt war als Dolmetscher der Au\u00dfenminister von Stresemann bis Ribbentrop, sp\u00e4ter auch von Hitler Zeuge der wichtigsten und weitreichendsten Stationen deutscher Au\u00dfenpolitik im 20 Jahrhundert. In seinen Memoiren vermittelt er ein authentisches Bild aller Verhandlungen, Gespr\u00e4che und Konferenzen mit den Staatsm\u00e4nnern Europas. So gibt er u.a. die entscheidenden Stationen der Verhandlungen w\u00e4hrend der sog. Sudetenkrise mit Chamberlain vom 14. September 1938 in Berchtesgaden wider, als er unter Ausschluss von Ribbentrop das Vier-Augen Gespr\u00e4ch zwischen Hitler und Chamberlain \u00fcbersetzte, sowie die dramatischen n\u00e4chsten Treffen am 22. und 23. September in Godesberg, als der Ausbruch des Zweiten Weltkriegs am Verhandlungstisch nicht mehr zu verhindern war. Im Mai 1945 wurde Schmidt von den Amerikanern verhaftet und interniert. Bereits 1948 wurde Schmidt aus der Haft entlassen. 1950 erfolgte vor der Spruchkammer Miesbach seine Einstufung als \u201eEntlasteter\u201c. Schmidt leitete ab 1952 ein Dolmetscher- und Spracheninstitut in M\u00fcnchen.<\/p>\n","protected":false},"excerpt":{"rendered":"<p>Paul Schmidt war als Dolmetscher der Au\u00dfenminister von Stresemann bis Ribbentrop, sp\u00e4ter auch von Hitler Zeuge der wichtigsten und weitreichendsten Stationen deutscher Au\u00dfenpolitik im 20 Jahrhundert. In seinen Memoiren vermittelt er ein authentisches Bild aller Verhandlungen, Gespr\u00e4che und Konferenzen mit den Staatsm\u00e4nnern Europas. So gibt er u.a. die entscheidenden Stationen der Verhandlungen w\u00e4hrend der sog&#8230;.<\/p>\n","protected":false},"author":1,"featured_media":3953,"comment_status":"open","ping_status":"closed","sticky":false,"template":"","format":"standard","meta":[],"categories":[1,21,19],"tags":[129],"_links":{"self":[{"href":"https:\/\/europaeischeverlagsanstalt.de\/index.php?rest_route=\/wp\/v2\/posts\/3952"}],"collection":[{"href":"https:\/\/europaeischeverlagsanstalt.de\/index.php?rest_route=\/wp\/v2\/posts"}],"about":[{"href":"https:\/\/europaeischeverlagsanstalt.de\/index.php?rest_route=\/wp\/v2\/types\/post"}],"author":[{"embeddable":true,"href":"https:\/\/europaeischeverlagsanstalt.de\/index.php?rest_route=\/wp\/v2\/users\/1"}],"replies":[{"embeddable":true,"href":"https:\/\/europaeischeverlagsanstalt.de\/index.php?rest_route=%2Fwp%2Fv2%2Fcomments&post=3952"}],"version-history":[{"count":8,"href":"https:\/\/europaeischeverlagsanstalt.de\/index.php?rest_route=\/wp\/v2\/posts\/3952\/revisions"}],"predecessor-version":[{"id":4194,"href":"https:\/\/europaeischeverlagsanstalt.de\/index.php?rest_route=\/wp\/v2\/posts\/3952\/revisions\/4194"}],"wp:featuredmedia":[{"embeddable":true,"href":"https:\/\/europaeischeverlagsanstalt.de\/index.php?rest_route=\/wp\/v2\/media\/3953"}],"wp:attachment":[{"href":"https:\/\/europaeischeverlagsanstalt.de\/index.php?rest_route=%2Fwp%2Fv2%2Fmedia&parent=3952"}],"wp:term":[{"taxonomy":"category","embeddable":true,"href":"https:\/\/europaeischeverlagsanstalt.de\/index.php?rest_route=%2Fwp%2Fv2%2Fcategories&post=3952"},{"taxonomy":"post_tag","embeddable":true,"href":"https:\/\/europaeischeverlagsanstalt.de\/index.php?rest_route=%2Fwp%2Fv2%2Ftags&post=3952"}],"curies":[{"name":"wp","href":"https:\/\/api.w.org\/{rel}","templated":true}]}}