{"id":3616,"date":"2021-12-14T12:18:37","date_gmt":"2021-12-14T10:18:37","guid":{"rendered":"https:\/\/europaeischeverlagsanstalt.de\/?p=3616"},"modified":"2022-04-06T09:33:51","modified_gmt":"2022-04-06T07:33:51","slug":"eveline-goodman-thau","status":"publish","type":"post","link":"https:\/\/europaeischeverlagsanstalt.de\/?p=3616","title":{"rendered":"Eveline Goodman-Thau"},"content":{"rendered":"\n<p>Eveline Goodman-Thau ist Professorin und Autorin zahlreicher Publikationen zur j\u00fcdischen Philosophie und Religionsgeschichte, Rabbinerin und Gr\u00fcndungsdirektorin der Hermann-Cohen-Akademie f\u00fcr Religion, Wissenschaft und Kultur.<\/p>\n","protected":false},"excerpt":{"rendered":"<p>Eveline Goodman-Thau ist Professorin und Autorin zahlreicher Publikationen zur j\u00fcdischen Philosophie und Religionsgeschichte, Rabbinerin und Gr\u00fcndungsdirektorin der Hermann-Cohen-Akademie f\u00fcr Religion, Wissenschaft und Kultur.<\/p>\n","protected":false},"author":1,"featured_media":3617,"comment_status":"open","ping_status":"closed","sticky":false,"template":"","format":"standard","meta":[],"categories":[1,21,19],"tags":[125],"_links":{"self":[{"href":"https:\/\/europaeischeverlagsanstalt.de\/index.php?rest_route=\/wp\/v2\/posts\/3616"}],"collection":[{"href":"https:\/\/europaeischeverlagsanstalt.de\/index.php?rest_route=\/wp\/v2\/posts"}],"about":[{"href":"https:\/\/europaeischeverlagsanstalt.de\/index.php?rest_route=\/wp\/v2\/types\/post"}],"author":[{"embeddable":true,"href":"https:\/\/europaeischeverlagsanstalt.de\/index.php?rest_route=\/wp\/v2\/users\/1"}],"replies":[{"embeddable":true,"href":"https:\/\/europaeischeverlagsanstalt.de\/index.php?rest_route=%2Fwp%2Fv2%2Fcomments&post=3616"}],"version-history":[{"count":10,"href":"https:\/\/europaeischeverlagsanstalt.de\/index.php?rest_route=\/wp\/v2\/posts\/3616\/revisions"}],"predecessor-version":[{"id":3962,"href":"https:\/\/europaeischeverlagsanstalt.de\/index.php?rest_route=\/wp\/v2\/posts\/3616\/revisions\/3962"}],"wp:featuredmedia":[{"embeddable":true,"href":"https:\/\/europaeischeverlagsanstalt.de\/index.php?rest_route=\/wp\/v2\/media\/3617"}],"wp:attachment":[{"href":"https:\/\/europaeischeverlagsanstalt.de\/index.php?rest_route=%2Fwp%2Fv2%2Fmedia&parent=3616"}],"wp:term":[{"taxonomy":"category","embeddable":true,"href":"https:\/\/europaeischeverlagsanstalt.de\/index.php?rest_route=%2Fwp%2Fv2%2Fcategories&post=3616"},{"taxonomy":"post_tag","embeddable":true,"href":"https:\/\/europaeischeverlagsanstalt.de\/index.php?rest_route=%2Fwp%2Fv2%2Ftags&post=3616"}],"curies":[{"name":"wp","href":"https:\/\/api.w.org\/{rel}","templated":true}]}}