{"id":3499,"date":"2021-12-02T18:53:49","date_gmt":"2021-12-02T16:53:49","guid":{"rendered":"https:\/\/europaeischeverlagsanstalt.de\/?p=3499"},"modified":"2023-05-23T12:16:03","modified_gmt":"2023-05-23T10:16:03","slug":"vincent-von-wroblewsky","status":"publish","type":"post","link":"https:\/\/europaeischeverlagsanstalt.de\/?p=3499","title":{"rendered":"Vincent von Wroblewsky"},"content":{"rendered":"\n<p>Vincent von Wroblewsky, Jahrgang 1939, lebt in Berlin und Frankreich. Ab 1991 Herausgeber und \u00dcbersetzer der Werke Sartres im Rowohlt Verlag, Mitbegr\u00fcnder der deutschen Sartre Gesellschaft, zahlreiche Ver\u00f6ffentlichungen u.a. : \u00dcbersetzungen a. d. Franz\u00f6sischen: Boualem Sansal, 2084 \u2013 Das Ende der Welt, Merlin, 2016; Lebendiger Sartre \u2013 115 Begegnungen, Berlin, 2009; Jean-Paul Sartre, Entw\u00fcrfe f\u00fcr eine Moralphilosophie, deutsch und mit einem Nachwort, Reinbek bei Hamburg, 2005, 1000 S. Albert Camus, Der Mythos des Sisyphos, deutsch und mit einem Nachwort, Reinbek bei Hamburg, 1999.<\/p>\n","protected":false},"excerpt":{"rendered":"<p>Vincent von Wroblewsky, Jahrgang 1939, lebt in Berlin und Frankreich. Ab 1991 Herausgeber und \u00dcbersetzer der Werke Sartres im Rowohlt Verlag, Mitbegr\u00fcnder der deutschen Sartre Gesellschaft, zahlreiche Ver\u00f6ffentlichungen u.a. : \u00dcbersetzungen a. d. Franz\u00f6sischen: Boualem Sansal, 2084 \u2013 Das Ende der Welt, Merlin, 2016; Lebendiger Sartre \u2013 115 Begegnungen, Berlin, 2009; Jean-Paul Sartre, Entw\u00fcrfe f\u00fcr&#8230;<\/p>\n","protected":false},"author":1,"featured_media":0,"comment_status":"open","ping_status":"closed","sticky":false,"template":"","format":"standard","meta":[],"categories":[1,21,19],"tags":[182],"_links":{"self":[{"href":"https:\/\/europaeischeverlagsanstalt.de\/index.php?rest_route=\/wp\/v2\/posts\/3499"}],"collection":[{"href":"https:\/\/europaeischeverlagsanstalt.de\/index.php?rest_route=\/wp\/v2\/posts"}],"about":[{"href":"https:\/\/europaeischeverlagsanstalt.de\/index.php?rest_route=\/wp\/v2\/types\/post"}],"author":[{"embeddable":true,"href":"https:\/\/europaeischeverlagsanstalt.de\/index.php?rest_route=\/wp\/v2\/users\/1"}],"replies":[{"embeddable":true,"href":"https:\/\/europaeischeverlagsanstalt.de\/index.php?rest_route=%2Fwp%2Fv2%2Fcomments&post=3499"}],"version-history":[{"count":4,"href":"https:\/\/europaeischeverlagsanstalt.de\/index.php?rest_route=\/wp\/v2\/posts\/3499\/revisions"}],"predecessor-version":[{"id":3812,"href":"https:\/\/europaeischeverlagsanstalt.de\/index.php?rest_route=\/wp\/v2\/posts\/3499\/revisions\/3812"}],"wp:attachment":[{"href":"https:\/\/europaeischeverlagsanstalt.de\/index.php?rest_route=%2Fwp%2Fv2%2Fmedia&parent=3499"}],"wp:term":[{"taxonomy":"category","embeddable":true,"href":"https:\/\/europaeischeverlagsanstalt.de\/index.php?rest_route=%2Fwp%2Fv2%2Fcategories&post=3499"},{"taxonomy":"post_tag","embeddable":true,"href":"https:\/\/europaeischeverlagsanstalt.de\/index.php?rest_route=%2Fwp%2Fv2%2Ftags&post=3499"}],"curies":[{"name":"wp","href":"https:\/\/api.w.org\/{rel}","templated":true}]}}