{"id":3264,"date":"2021-11-19T17:16:18","date_gmt":"2021-11-19T15:16:18","guid":{"rendered":"https:\/\/europaeischeverlagsanstalt.de\/?p=3264"},"modified":"2021-12-15T11:24:26","modified_gmt":"2021-12-15T09:24:26","slug":"ernst-israel-bornstein","status":"publish","type":"post","link":"https:\/\/europaeischeverlagsanstalt.de\/?p=3264","title":{"rendered":"Ernst Israel Bornstein"},"content":{"rendered":"\n<p>Ernst Israel Bornstein, 1922-1978, war ein j\u00fcdischer Holocaust-\u00dcberlebender, der mit 19 Jahren ins Arbeitslager Gr\u00fcnheide, dem heutigen Schironowitz (Polen) zur Zwangsarbeit verschleppt wurde und in vier Jahren und drei Monaten durch verschiedene Lager ging. Seine Erlebnisse schilderte er 1967 in dem bei uns als Neuasugabe vorliegenden Buch &#8220;Die lange Nacht \u2013 Ein Bericht aus sieben Lagern&#8221;.<\/p>\n","protected":false},"excerpt":{"rendered":"<p>Ernst Israel Bornstein, 1922-1978, war ein j\u00fcdischer Holocaust-\u00dcberlebender, der mit 19 Jahren ins Arbeitslager Gr\u00fcnheide, dem heutigen Schironowitz (Polen) zur Zwangsarbeit verschleppt wurde und in vier Jahren und drei Monaten durch verschiedene Lager ging. Seine Erlebnisse schilderte er 1967 in dem bei uns als Neuasugabe vorliegenden Buch &#8220;Die lange Nacht \u2013 Ein Bericht aus sieben&#8230;<\/p>\n","protected":false},"author":1,"featured_media":3656,"comment_status":"open","ping_status":"closed","sticky":false,"template":"","format":"standard","meta":[],"categories":[1,21],"tags":[138],"_links":{"self":[{"href":"https:\/\/europaeischeverlagsanstalt.de\/index.php?rest_route=\/wp\/v2\/posts\/3264"}],"collection":[{"href":"https:\/\/europaeischeverlagsanstalt.de\/index.php?rest_route=\/wp\/v2\/posts"}],"about":[{"href":"https:\/\/europaeischeverlagsanstalt.de\/index.php?rest_route=\/wp\/v2\/types\/post"}],"author":[{"embeddable":true,"href":"https:\/\/europaeischeverlagsanstalt.de\/index.php?rest_route=\/wp\/v2\/users\/1"}],"replies":[{"embeddable":true,"href":"https:\/\/europaeischeverlagsanstalt.de\/index.php?rest_route=%2Fwp%2Fv2%2Fcomments&post=3264"}],"version-history":[{"count":4,"href":"https:\/\/europaeischeverlagsanstalt.de\/index.php?rest_route=\/wp\/v2\/posts\/3264\/revisions"}],"predecessor-version":[{"id":3307,"href":"https:\/\/europaeischeverlagsanstalt.de\/index.php?rest_route=\/wp\/v2\/posts\/3264\/revisions\/3307"}],"wp:featuredmedia":[{"embeddable":true,"href":"https:\/\/europaeischeverlagsanstalt.de\/index.php?rest_route=\/wp\/v2\/media\/3656"}],"wp:attachment":[{"href":"https:\/\/europaeischeverlagsanstalt.de\/index.php?rest_route=%2Fwp%2Fv2%2Fmedia&parent=3264"}],"wp:term":[{"taxonomy":"category","embeddable":true,"href":"https:\/\/europaeischeverlagsanstalt.de\/index.php?rest_route=%2Fwp%2Fv2%2Fcategories&post=3264"},{"taxonomy":"post_tag","embeddable":true,"href":"https:\/\/europaeischeverlagsanstalt.de\/index.php?rest_route=%2Fwp%2Fv2%2Ftags&post=3264"}],"curies":[{"name":"wp","href":"https:\/\/api.w.org\/{rel}","templated":true}]}}