{"id":2411,"date":"2021-06-16T09:53:47","date_gmt":"2021-06-16T07:53:47","guid":{"rendered":"https:\/\/europaeischeverlagsanstalt.de\/?p=2411"},"modified":"2021-07-29T12:00:13","modified_gmt":"2021-07-29T10:00:13","slug":"hans-juergen-benedict","status":"publish","type":"post","link":"https:\/\/europaeischeverlagsanstalt.de\/?p=2411","title":{"rendered":"Hans-J\u00fcrgen Benedict"},"content":{"rendered":"\n<p>Nach seiner Zeit als Theologe und Friedensforscher an der Ruhr-Universit\u00e4t Bochum und als Pfarrer in einem Neugebiet der Hansestadt lehrte Prof. Dr. Hans-J\u00fcrgen Benedict an der Evangelischen Hochschule f\u00fcr Soziale Arbeit und Diakonie in Hamburg. Seit&nbsp;seiner Emeritierung 2006 besch\u00e4ftigt er sich besonders mit Fragen der Literaturtheologie, zuletzt &#8220;W\u00e4r ich allm\u00e4chtig, ich w\u00fcrde retten, retten&#8221; (2019) und mit der Rolle der Kirchen in der Nazizeit und ihrer schwindenden Bedeutung in der Gegenwart, zuletzt &#8220;Besch\u00e4digte Vers\u00f6hnung. Die Folgen des Versagens der Kirchen in der Nazizeit.&#8221;(2020) Er ist Mitherausgeber der Zeitschrift &#8220;Junge Kirche&#8221;.&nbsp;<\/p>\n","protected":false},"excerpt":{"rendered":"<p>Nach seiner Zeit als Theologe und Friedensforscher an der Ruhr-Universit\u00e4t Bochum und als Pfarrer in einem Neugebiet der Hansestadt lehrte Prof. Dr. Hans-J\u00fcrgen Benedict an der Evangelischen Hochschule f\u00fcr Soziale Arbeit und Diakonie in Hamburg. Seit&nbsp;seiner Emeritierung 2006 besch\u00e4ftigt er sich besonders mit Fragen der Literaturtheologie, zuletzt &#8220;W\u00e4r ich allm\u00e4chtig, ich w\u00fcrde retten, retten&#8221; (2019)&#8230;<\/p>\n","protected":false},"author":1,"featured_media":2471,"comment_status":"open","ping_status":"closed","sticky":false,"template":"","format":"standard","meta":[],"categories":[1,21],"tags":[163],"_links":{"self":[{"href":"https:\/\/europaeischeverlagsanstalt.de\/index.php?rest_route=\/wp\/v2\/posts\/2411"}],"collection":[{"href":"https:\/\/europaeischeverlagsanstalt.de\/index.php?rest_route=\/wp\/v2\/posts"}],"about":[{"href":"https:\/\/europaeischeverlagsanstalt.de\/index.php?rest_route=\/wp\/v2\/types\/post"}],"author":[{"embeddable":true,"href":"https:\/\/europaeischeverlagsanstalt.de\/index.php?rest_route=\/wp\/v2\/users\/1"}],"replies":[{"embeddable":true,"href":"https:\/\/europaeischeverlagsanstalt.de\/index.php?rest_route=%2Fwp%2Fv2%2Fcomments&post=2411"}],"version-history":[{"count":7,"href":"https:\/\/europaeischeverlagsanstalt.de\/index.php?rest_route=\/wp\/v2\/posts\/2411\/revisions"}],"predecessor-version":[{"id":2473,"href":"https:\/\/europaeischeverlagsanstalt.de\/index.php?rest_route=\/wp\/v2\/posts\/2411\/revisions\/2473"}],"wp:featuredmedia":[{"embeddable":true,"href":"https:\/\/europaeischeverlagsanstalt.de\/index.php?rest_route=\/wp\/v2\/media\/2471"}],"wp:attachment":[{"href":"https:\/\/europaeischeverlagsanstalt.de\/index.php?rest_route=%2Fwp%2Fv2%2Fmedia&parent=2411"}],"wp:term":[{"taxonomy":"category","embeddable":true,"href":"https:\/\/europaeischeverlagsanstalt.de\/index.php?rest_route=%2Fwp%2Fv2%2Fcategories&post=2411"},{"taxonomy":"post_tag","embeddable":true,"href":"https:\/\/europaeischeverlagsanstalt.de\/index.php?rest_route=%2Fwp%2Fv2%2Ftags&post=2411"}],"curies":[{"name":"wp","href":"https:\/\/api.w.org\/{rel}","templated":true}]}}