{"id":2238,"date":"2021-06-04T14:55:12","date_gmt":"2021-06-04T12:55:12","guid":{"rendered":"https:\/\/europaeischeverlagsanstalt.de\/?p=2238"},"modified":"2024-04-03T12:51:14","modified_gmt":"2024-04-03T10:51:14","slug":"alexander-von-bruenneck","status":"publish","type":"post","link":"https:\/\/europaeischeverlagsanstalt.de\/?p=2238","title":{"rendered":"Alexander von Br\u00fcnneck"},"content":{"rendered":"\n<p>Alexander von Br\u00fcnneck (1941-2023), Professor em. f\u00fcr \u00d6ffentliches Recht, insbesondere Staatsrecht und Verfassungsgeschichte an der Europa Universit\u00e4t Viadrina, unterst\u00fctzte Ernst Fraenkel bei der Erstellung der ersten deutschen Ausgabe des Doppelstaates.<\/p>\n","protected":false},"excerpt":{"rendered":"<p>Alexander von Br\u00fcnneck (1941-2023), Professor em. f\u00fcr \u00d6ffentliches Recht, insbesondere Staatsrecht und Verfassungsgeschichte an der Europa Universit\u00e4t Viadrina, unterst\u00fctzte Ernst Fraenkel bei der Erstellung der ersten deutschen Ausgabe des Doppelstaates.<\/p>\n","protected":false},"author":1,"featured_media":3659,"comment_status":"open","ping_status":"closed","sticky":false,"template":"","format":"standard","meta":[],"categories":[1,21],"tags":[107],"_links":{"self":[{"href":"https:\/\/europaeischeverlagsanstalt.de\/index.php?rest_route=\/wp\/v2\/posts\/2238"}],"collection":[{"href":"https:\/\/europaeischeverlagsanstalt.de\/index.php?rest_route=\/wp\/v2\/posts"}],"about":[{"href":"https:\/\/europaeischeverlagsanstalt.de\/index.php?rest_route=\/wp\/v2\/types\/post"}],"author":[{"embeddable":true,"href":"https:\/\/europaeischeverlagsanstalt.de\/index.php?rest_route=\/wp\/v2\/users\/1"}],"replies":[{"embeddable":true,"href":"https:\/\/europaeischeverlagsanstalt.de\/index.php?rest_route=%2Fwp%2Fv2%2Fcomments&post=2238"}],"version-history":[{"count":5,"href":"https:\/\/europaeischeverlagsanstalt.de\/index.php?rest_route=\/wp\/v2\/posts\/2238\/revisions"}],"predecessor-version":[{"id":6156,"href":"https:\/\/europaeischeverlagsanstalt.de\/index.php?rest_route=\/wp\/v2\/posts\/2238\/revisions\/6156"}],"wp:featuredmedia":[{"embeddable":true,"href":"https:\/\/europaeischeverlagsanstalt.de\/index.php?rest_route=\/wp\/v2\/media\/3659"}],"wp:attachment":[{"href":"https:\/\/europaeischeverlagsanstalt.de\/index.php?rest_route=%2Fwp%2Fv2%2Fmedia&parent=2238"}],"wp:term":[{"taxonomy":"category","embeddable":true,"href":"https:\/\/europaeischeverlagsanstalt.de\/index.php?rest_route=%2Fwp%2Fv2%2Fcategories&post=2238"},{"taxonomy":"post_tag","embeddable":true,"href":"https:\/\/europaeischeverlagsanstalt.de\/index.php?rest_route=%2Fwp%2Fv2%2Ftags&post=2238"}],"curies":[{"name":"wp","href":"https:\/\/api.w.org\/{rel}","templated":true}]}}