{"id":1975,"date":"2021-03-16T00:02:29","date_gmt":"2021-03-15T22:02:29","guid":{"rendered":"http:\/\/wp13621818.server-he.de\/?p=1975"},"modified":"2021-06-17T12:00:24","modified_gmt":"2021-06-17T10:00:24","slug":"sylvia-steckmest","status":"publish","type":"post","link":"https:\/\/europaeischeverlagsanstalt.de\/?p=1975","title":{"rendered":"Sylvia Steckmest"},"content":{"rendered":"\n<p>Sylvia Steckmest forscht seit vielen Jahren als Genealogin zu j\u00fcdischen Familien Hamburgs des 19. Jahrhunderts und besonders intensiv zur Familie Heine. Viele ihrer Texte und Recherchen wurden im Heine-Jahrbuch, der Zeitschrift Maajan und der Zeitschrift Liskor sowie in zwei B\u00fcchern der Kunsthalle ver\u00f6ffentlicht. Im Verein f\u00fcr Hamburgische Geschichte ist sie eine langj\u00e4hrige Mitarbeiterin in der Gruppe \u00bbErinnerung\u00ab.<\/p>\n","protected":false},"excerpt":{"rendered":"<p>Sylvia Steckmest forscht seit vielen Jahren als Genealogin zu j\u00fcdischen Familien Hamburgs des 19. Jahrhunderts und besonders intensiv zur Familie Heine. Viele ihrer Texte und Recherchen wurden im Heine-Jahrbuch, der Zeitschrift Maajan und der Zeitschrift Liskor sowie in zwei B\u00fcchern der Kunsthalle ver\u00f6ffentlicht. Im Verein f\u00fcr Hamburgische Geschichte ist sie eine langj\u00e4hrige Mitarbeiterin in der&#8230;<\/p>\n","protected":false},"author":1,"featured_media":2505,"comment_status":"open","ping_status":"closed","sticky":false,"template":"","format":"standard","meta":[],"categories":[21],"tags":[99],"_links":{"self":[{"href":"https:\/\/europaeischeverlagsanstalt.de\/index.php?rest_route=\/wp\/v2\/posts\/1975"}],"collection":[{"href":"https:\/\/europaeischeverlagsanstalt.de\/index.php?rest_route=\/wp\/v2\/posts"}],"about":[{"href":"https:\/\/europaeischeverlagsanstalt.de\/index.php?rest_route=\/wp\/v2\/types\/post"}],"author":[{"embeddable":true,"href":"https:\/\/europaeischeverlagsanstalt.de\/index.php?rest_route=\/wp\/v2\/users\/1"}],"replies":[{"embeddable":true,"href":"https:\/\/europaeischeverlagsanstalt.de\/index.php?rest_route=%2Fwp%2Fv2%2Fcomments&post=1975"}],"version-history":[{"count":4,"href":"https:\/\/europaeischeverlagsanstalt.de\/index.php?rest_route=\/wp\/v2\/posts\/1975\/revisions"}],"predecessor-version":[{"id":2014,"href":"https:\/\/europaeischeverlagsanstalt.de\/index.php?rest_route=\/wp\/v2\/posts\/1975\/revisions\/2014"}],"wp:featuredmedia":[{"embeddable":true,"href":"https:\/\/europaeischeverlagsanstalt.de\/index.php?rest_route=\/wp\/v2\/media\/2505"}],"wp:attachment":[{"href":"https:\/\/europaeischeverlagsanstalt.de\/index.php?rest_route=%2Fwp%2Fv2%2Fmedia&parent=1975"}],"wp:term":[{"taxonomy":"category","embeddable":true,"href":"https:\/\/europaeischeverlagsanstalt.de\/index.php?rest_route=%2Fwp%2Fv2%2Fcategories&post=1975"},{"taxonomy":"post_tag","embeddable":true,"href":"https:\/\/europaeischeverlagsanstalt.de\/index.php?rest_route=%2Fwp%2Fv2%2Ftags&post=1975"}],"curies":[{"name":"wp","href":"https:\/\/api.w.org\/{rel}","templated":true}]}}