{"id":1972,"date":"2021-03-16T00:01:18","date_gmt":"2021-03-15T22:01:18","guid":{"rendered":"http:\/\/wp13621818.server-he.de\/?p=1972"},"modified":"2021-12-14T14:00:36","modified_gmt":"2021-12-14T12:00:36","slug":"roger-behrens","status":"publish","type":"post","link":"https:\/\/europaeischeverlagsanstalt.de\/?p=1972","title":{"rendered":"Roger Behrens"},"content":{"rendered":"\n<p>Autor und Lehrbeauftragter u. a. der Leuphana Universit\u00e4t L\u00fcneburg und Universit\u00e4t Hamburg. Zahlreiche Buchpublikationen zur Kritischen Theorie der Gesellschaft, \u00c4sthetik und Kulturphilosophie. In der Reihe eva wissen erschien: \u00bbPostmoderne\u00ab (2. Auflage 2008), \u00bbKritische Theorie\u00ab (2. Auflage 2008).<\/p>\n","protected":false},"excerpt":{"rendered":"<p>Autor und Lehrbeauftragter u. a. der Leuphana Universit\u00e4t L\u00fcneburg und Universit\u00e4t Hamburg. Zahlreiche Buchpublikationen zur Kritischen Theorie der Gesellschaft, \u00c4sthetik und Kulturphilosophie. In der Reihe eva wissen erschien: \u00bbPostmoderne\u00ab (2. Auflage 2008), \u00bbKritische Theorie\u00ab (2. Auflage 2008).<\/p>\n","protected":false},"author":1,"featured_media":3651,"comment_status":"open","ping_status":"closed","sticky":false,"template":"","format":"standard","meta":[],"categories":[21],"tags":[97],"_links":{"self":[{"href":"https:\/\/europaeischeverlagsanstalt.de\/index.php?rest_route=\/wp\/v2\/posts\/1972"}],"collection":[{"href":"https:\/\/europaeischeverlagsanstalt.de\/index.php?rest_route=\/wp\/v2\/posts"}],"about":[{"href":"https:\/\/europaeischeverlagsanstalt.de\/index.php?rest_route=\/wp\/v2\/types\/post"}],"author":[{"embeddable":true,"href":"https:\/\/europaeischeverlagsanstalt.de\/index.php?rest_route=\/wp\/v2\/users\/1"}],"replies":[{"embeddable":true,"href":"https:\/\/europaeischeverlagsanstalt.de\/index.php?rest_route=%2Fwp%2Fv2%2Fcomments&post=1972"}],"version-history":[{"count":4,"href":"https:\/\/europaeischeverlagsanstalt.de\/index.php?rest_route=\/wp\/v2\/posts\/1972\/revisions"}],"predecessor-version":[{"id":2021,"href":"https:\/\/europaeischeverlagsanstalt.de\/index.php?rest_route=\/wp\/v2\/posts\/1972\/revisions\/2021"}],"wp:featuredmedia":[{"embeddable":true,"href":"https:\/\/europaeischeverlagsanstalt.de\/index.php?rest_route=\/wp\/v2\/media\/3651"}],"wp:attachment":[{"href":"https:\/\/europaeischeverlagsanstalt.de\/index.php?rest_route=%2Fwp%2Fv2%2Fmedia&parent=1972"}],"wp:term":[{"taxonomy":"category","embeddable":true,"href":"https:\/\/europaeischeverlagsanstalt.de\/index.php?rest_route=%2Fwp%2Fv2%2Fcategories&post=1972"},{"taxonomy":"post_tag","embeddable":true,"href":"https:\/\/europaeischeverlagsanstalt.de\/index.php?rest_route=%2Fwp%2Fv2%2Ftags&post=1972"}],"curies":[{"name":"wp","href":"https:\/\/api.w.org\/{rel}","templated":true}]}}