{"id":1970,"date":"2021-03-16T00:03:39","date_gmt":"2021-03-15T22:03:39","guid":{"rendered":"http:\/\/wp13621818.server-he.de\/?p=1970"},"modified":"2021-12-15T13:25:26","modified_gmt":"2021-12-15T11:25:26","slug":"walter-homolka","status":"publish","type":"post","link":"https:\/\/europaeischeverlagsanstalt.de\/?p=1970","title":{"rendered":"Walter Homolka"},"content":{"rendered":"\n<p>Rabbiner Walter Homolka (PhD King\u2019s College London; PhD University of Wales Trinity St. David, DHL Hebrew Union College New York), 1964, ist ordentlicher Universit\u00e4tsprofessor f\u00fcr J\u00fcdische Religionsphilosophie der Neuzeit &#8211; Schwerpunkt Denominationen und interreligi\u00f6ser Dialog, Rektor des Abraham Geiger Kollegs und Gesch\u00e4ftsf\u00fchrender Direktor der School of Jewish Theology der Universit\u00e4t Potsdam.<\/p>\n","protected":false},"excerpt":{"rendered":"<p>Rabbiner Walter Homolka (PhD King\u2019s College London; PhD University of Wales Trinity St. David, DHL Hebrew Union College New York), 1964, ist ordentlicher Universit\u00e4tsprofessor f\u00fcr J\u00fcdische Religionsphilosophie der Neuzeit &#8211; Schwerpunkt Denominationen und interreligi\u00f6ser Dialog, Rektor des Abraham Geiger Kollegs und Gesch\u00e4ftsf\u00fchrender Direktor der School of Jewish Theology der Universit\u00e4t Potsdam.<\/p>\n","protected":false},"author":1,"featured_media":3667,"comment_status":"open","ping_status":"closed","sticky":false,"template":"","format":"standard","meta":[],"categories":[21],"tags":[101],"_links":{"self":[{"href":"https:\/\/europaeischeverlagsanstalt.de\/index.php?rest_route=\/wp\/v2\/posts\/1970"}],"collection":[{"href":"https:\/\/europaeischeverlagsanstalt.de\/index.php?rest_route=\/wp\/v2\/posts"}],"about":[{"href":"https:\/\/europaeischeverlagsanstalt.de\/index.php?rest_route=\/wp\/v2\/types\/post"}],"author":[{"embeddable":true,"href":"https:\/\/europaeischeverlagsanstalt.de\/index.php?rest_route=\/wp\/v2\/users\/1"}],"replies":[{"embeddable":true,"href":"https:\/\/europaeischeverlagsanstalt.de\/index.php?rest_route=%2Fwp%2Fv2%2Fcomments&post=1970"}],"version-history":[{"count":4,"href":"https:\/\/europaeischeverlagsanstalt.de\/index.php?rest_route=\/wp\/v2\/posts\/1970\/revisions"}],"predecessor-version":[{"id":2009,"href":"https:\/\/europaeischeverlagsanstalt.de\/index.php?rest_route=\/wp\/v2\/posts\/1970\/revisions\/2009"}],"wp:featuredmedia":[{"embeddable":true,"href":"https:\/\/europaeischeverlagsanstalt.de\/index.php?rest_route=\/wp\/v2\/media\/3667"}],"wp:attachment":[{"href":"https:\/\/europaeischeverlagsanstalt.de\/index.php?rest_route=%2Fwp%2Fv2%2Fmedia&parent=1970"}],"wp:term":[{"taxonomy":"category","embeddable":true,"href":"https:\/\/europaeischeverlagsanstalt.de\/index.php?rest_route=%2Fwp%2Fv2%2Fcategories&post=1970"},{"taxonomy":"post_tag","embeddable":true,"href":"https:\/\/europaeischeverlagsanstalt.de\/index.php?rest_route=%2Fwp%2Fv2%2Ftags&post=1970"}],"curies":[{"name":"wp","href":"https:\/\/api.w.org\/{rel}","templated":true}]}}