{"id":1939,"date":"2021-03-15T23:57:09","date_gmt":"2021-03-15T21:57:09","guid":{"rendered":"http:\/\/wp13621818.server-he.de\/?p=1939"},"modified":"2021-04-13T23:56:15","modified_gmt":"2021-04-13T21:56:15","slug":"radoslaw-sikorski","status":"publish","type":"post","link":"https:\/\/europaeischeverlagsanstalt.de\/?p=1939","title":{"rendered":"Rados\u0142aw Sikorski"},"content":{"rendered":"\n<p>Rados\u0142aw Sikorski ist ehemaliger Au\u00dfenminister Polens, geboren 1963, emigrierte als achtzehnj\u00e4hriger Solidarno\u015b\u0107-Sympathisant nach England. Er studierte in Oxford und arbeitete als Journalist f\u00fcr den Spectator und den Observer unter u. a.in Angola und Afghanistan. Erst 1989, nach dem Sieg von Solidarno\u015b\u0107 bei den ersten freien Wahlen in Polen seit dem Zweiten Weltkrieg, war ihm die R\u00fcckkehr in seine Heimat m\u00f6glich, wo er Staatssekret\u00e4r im Verteidigungsministerium und sp\u00e4ter Au\u00dfenministerium wurde. 2005 wurde er vom designierten Ministerpr\u00e4sidenten Kazimierz Marcinkiewicz zum Verteidigungsminister ernannt.<\/p>\n","protected":false},"excerpt":{"rendered":"<p>Rados\u0142aw Sikorski ist ehemaliger Au\u00dfenminister Polens, geboren 1963, emigrierte als achtzehnj\u00e4hriger Solidarno\u015b\u0107-Sympathisant nach England. Er studierte in Oxford und arbeitete als Journalist f\u00fcr den Spectator und den Observer unter u. a.in Angola und Afghanistan. Erst 1989, nach dem Sieg von Solidarno\u015b\u0107 bei den ersten freien Wahlen in Polen seit dem Zweiten Weltkrieg, war ihm die&#8230;<\/p>\n","protected":false},"author":1,"featured_media":2083,"comment_status":"open","ping_status":"closed","sticky":false,"template":"","format":"standard","meta":[],"categories":[21],"tags":[94],"_links":{"self":[{"href":"https:\/\/europaeischeverlagsanstalt.de\/index.php?rest_route=\/wp\/v2\/posts\/1939"}],"collection":[{"href":"https:\/\/europaeischeverlagsanstalt.de\/index.php?rest_route=\/wp\/v2\/posts"}],"about":[{"href":"https:\/\/europaeischeverlagsanstalt.de\/index.php?rest_route=\/wp\/v2\/types\/post"}],"author":[{"embeddable":true,"href":"https:\/\/europaeischeverlagsanstalt.de\/index.php?rest_route=\/wp\/v2\/users\/1"}],"replies":[{"embeddable":true,"href":"https:\/\/europaeischeverlagsanstalt.de\/index.php?rest_route=%2Fwp%2Fv2%2Fcomments&post=1939"}],"version-history":[{"count":4,"href":"https:\/\/europaeischeverlagsanstalt.de\/index.php?rest_route=\/wp\/v2\/posts\/1939\/revisions"}],"predecessor-version":[{"id":1967,"href":"https:\/\/europaeischeverlagsanstalt.de\/index.php?rest_route=\/wp\/v2\/posts\/1939\/revisions\/1967"}],"wp:featuredmedia":[{"embeddable":true,"href":"https:\/\/europaeischeverlagsanstalt.de\/index.php?rest_route=\/wp\/v2\/media\/2083"}],"wp:attachment":[{"href":"https:\/\/europaeischeverlagsanstalt.de\/index.php?rest_route=%2Fwp%2Fv2%2Fmedia&parent=1939"}],"wp:term":[{"taxonomy":"category","embeddable":true,"href":"https:\/\/europaeischeverlagsanstalt.de\/index.php?rest_route=%2Fwp%2Fv2%2Fcategories&post=1939"},{"taxonomy":"post_tag","embeddable":true,"href":"https:\/\/europaeischeverlagsanstalt.de\/index.php?rest_route=%2Fwp%2Fv2%2Ftags&post=1939"}],"curies":[{"name":"wp","href":"https:\/\/api.w.org\/{rel}","templated":true}]}}