{"id":1934,"date":"2021-03-15T23:55:32","date_gmt":"2021-03-15T21:55:32","guid":{"rendered":"http:\/\/wp13621818.server-he.de\/?p=1934"},"modified":"2021-12-15T11:15:34","modified_gmt":"2021-12-15T09:15:34","slug":"otto-boehm","status":"publish","type":"post","link":"https:\/\/europaeischeverlagsanstalt.de\/?p=1934","title":{"rendered":"Otto B\u00f6hm"},"content":{"rendered":"\n<p>Otto B\u00f6hm, Politik- und Erziehungswissenschaftler, T\u00e4tigkeit in einem Medienverlag und im N\u00fcrnberger Menschenrechtszentrum, Autor zahlreicher Ver\u00f6ffentlichungen zu Menschenrechten.<\/p>\n","protected":false},"excerpt":{"rendered":"<p>Otto B\u00f6hm, Politik- und Erziehungswissenschaftler, T\u00e4tigkeit in einem Medienverlag und im N\u00fcrnberger Menschenrechtszentrum, Autor zahlreicher Ver\u00f6ffentlichungen zu Menschenrechten.<\/p>\n","protected":false},"author":1,"featured_media":3654,"comment_status":"open","ping_status":"closed","sticky":false,"template":"","format":"standard","meta":[],"categories":[21],"tags":[89],"_links":{"self":[{"href":"https:\/\/europaeischeverlagsanstalt.de\/index.php?rest_route=\/wp\/v2\/posts\/1934"}],"collection":[{"href":"https:\/\/europaeischeverlagsanstalt.de\/index.php?rest_route=\/wp\/v2\/posts"}],"about":[{"href":"https:\/\/europaeischeverlagsanstalt.de\/index.php?rest_route=\/wp\/v2\/types\/post"}],"author":[{"embeddable":true,"href":"https:\/\/europaeischeverlagsanstalt.de\/index.php?rest_route=\/wp\/v2\/users\/1"}],"replies":[{"embeddable":true,"href":"https:\/\/europaeischeverlagsanstalt.de\/index.php?rest_route=%2Fwp%2Fv2%2Fcomments&post=1934"}],"version-history":[{"count":4,"href":"https:\/\/europaeischeverlagsanstalt.de\/index.php?rest_route=\/wp\/v2\/posts\/1934\/revisions"}],"predecessor-version":[{"id":1956,"href":"https:\/\/europaeischeverlagsanstalt.de\/index.php?rest_route=\/wp\/v2\/posts\/1934\/revisions\/1956"}],"wp:featuredmedia":[{"embeddable":true,"href":"https:\/\/europaeischeverlagsanstalt.de\/index.php?rest_route=\/wp\/v2\/media\/3654"}],"wp:attachment":[{"href":"https:\/\/europaeischeverlagsanstalt.de\/index.php?rest_route=%2Fwp%2Fv2%2Fmedia&parent=1934"}],"wp:term":[{"taxonomy":"category","embeddable":true,"href":"https:\/\/europaeischeverlagsanstalt.de\/index.php?rest_route=%2Fwp%2Fv2%2Fcategories&post=1934"},{"taxonomy":"post_tag","embeddable":true,"href":"https:\/\/europaeischeverlagsanstalt.de\/index.php?rest_route=%2Fwp%2Fv2%2Ftags&post=1934"}],"curies":[{"name":"wp","href":"https:\/\/api.w.org\/{rel}","templated":true}]}}