{"id":1894,"date":"2021-03-15T23:47:27","date_gmt":"2021-03-15T21:47:27","guid":{"rendered":"http:\/\/wp13621818.server-he.de\/?p=1894"},"modified":"2021-06-17T11:24:33","modified_gmt":"2021-06-17T09:24:33","slug":"moritz-von-uslar","status":"publish","type":"post","link":"https:\/\/europaeischeverlagsanstalt.de\/?p=1894","title":{"rendered":"Moritz von Uslar"},"content":{"rendered":"\n<p>Moritz von Uslar, geboren 1970, von 1992 bis 2004 Redakteur beim S\u00fcddeutsche-Zeitung-Magazin, Von 2006 bis 2008 arbeitete er als Redakteur f\u00fcr den Spiegel. Derzeit ist er f\u00fcr die ZEIT t\u00e4tig. Verfasser der Interviewsammlung \u00bb100 Fragen an \u2026\u00ab (2004) und des Romans \u00bbWaldstein oder Der Tod des Walter Gieseking am 6. Juni 2005\u00ab (2006).<\/p>\n","protected":false},"excerpt":{"rendered":"<p>Moritz von Uslar, geboren 1970, von 1992 bis 2004 Redakteur beim S\u00fcddeutsche-Zeitung-Magazin, Von 2006 bis 2008 arbeitete er als Redakteur f\u00fcr den Spiegel. Derzeit ist er f\u00fcr die ZEIT t\u00e4tig. Verfasser der Interviewsammlung \u00bb100 Fragen an \u2026\u00ab (2004) und des Romans \u00bbWaldstein oder Der Tod des Walter Gieseking am 6. Juni 2005\u00ab (2006).<\/p>\n","protected":false},"author":1,"featured_media":2484,"comment_status":"open","ping_status":"closed","sticky":false,"template":"","format":"standard","meta":[],"categories":[21],"tags":[88],"_links":{"self":[{"href":"https:\/\/europaeischeverlagsanstalt.de\/index.php?rest_route=\/wp\/v2\/posts\/1894"}],"collection":[{"href":"https:\/\/europaeischeverlagsanstalt.de\/index.php?rest_route=\/wp\/v2\/posts"}],"about":[{"href":"https:\/\/europaeischeverlagsanstalt.de\/index.php?rest_route=\/wp\/v2\/types\/post"}],"author":[{"embeddable":true,"href":"https:\/\/europaeischeverlagsanstalt.de\/index.php?rest_route=\/wp\/v2\/users\/1"}],"replies":[{"embeddable":true,"href":"https:\/\/europaeischeverlagsanstalt.de\/index.php?rest_route=%2Fwp%2Fv2%2Fcomments&post=1894"}],"version-history":[{"count":4,"href":"https:\/\/europaeischeverlagsanstalt.de\/index.php?rest_route=\/wp\/v2\/posts\/1894\/revisions"}],"predecessor-version":[{"id":1902,"href":"https:\/\/europaeischeverlagsanstalt.de\/index.php?rest_route=\/wp\/v2\/posts\/1894\/revisions\/1902"}],"wp:featuredmedia":[{"embeddable":true,"href":"https:\/\/europaeischeverlagsanstalt.de\/index.php?rest_route=\/wp\/v2\/media\/2484"}],"wp:attachment":[{"href":"https:\/\/europaeischeverlagsanstalt.de\/index.php?rest_route=%2Fwp%2Fv2%2Fmedia&parent=1894"}],"wp:term":[{"taxonomy":"category","embeddable":true,"href":"https:\/\/europaeischeverlagsanstalt.de\/index.php?rest_route=%2Fwp%2Fv2%2Fcategories&post=1894"},{"taxonomy":"post_tag","embeddable":true,"href":"https:\/\/europaeischeverlagsanstalt.de\/index.php?rest_route=%2Fwp%2Fv2%2Ftags&post=1894"}],"curies":[{"name":"wp","href":"https:\/\/api.w.org\/{rel}","templated":true}]}}