{"id":1892,"date":"2021-03-15T23:46:30","date_gmt":"2021-03-15T21:46:30","guid":{"rendered":"http:\/\/wp13621818.server-he.de\/?p=1892"},"modified":"2021-04-13T23:56:31","modified_gmt":"2021-04-13T21:56:31","slug":"michael-wildt","status":"publish","type":"post","link":"https:\/\/europaeischeverlagsanstalt.de\/?p=1892","title":{"rendered":"Michael Wildt"},"content":{"rendered":"\n<p>Michael Wildt ist Professor f\u00fcr Deutsche Geschichte im 20. Jahrhundert mit Schwerpunkt im Nationalsozialismus und lehrt an der Humboldt-Universit\u00e4t zu Berlin. Buchpublikation u.a.: Generation des Unbedingten. Das F\u00fchrungskorps des Reichssicherheitshauptamtes, Hamburg 2002.<\/p>\n","protected":false},"excerpt":{"rendered":"<p>Michael Wildt ist Professor f\u00fcr Deutsche Geschichte im 20. Jahrhundert mit Schwerpunkt im Nationalsozialismus und lehrt an der Humboldt-Universit\u00e4t zu Berlin. Buchpublikation u.a.: Generation des Unbedingten. Das F\u00fchrungskorps des Reichssicherheitshauptamtes, Hamburg 2002.<\/p>\n","protected":false},"author":1,"featured_media":2084,"comment_status":"open","ping_status":"closed","sticky":false,"template":"","format":"standard","meta":[],"categories":[21],"tags":[86],"_links":{"self":[{"href":"https:\/\/europaeischeverlagsanstalt.de\/index.php?rest_route=\/wp\/v2\/posts\/1892"}],"collection":[{"href":"https:\/\/europaeischeverlagsanstalt.de\/index.php?rest_route=\/wp\/v2\/posts"}],"about":[{"href":"https:\/\/europaeischeverlagsanstalt.de\/index.php?rest_route=\/wp\/v2\/types\/post"}],"author":[{"embeddable":true,"href":"https:\/\/europaeischeverlagsanstalt.de\/index.php?rest_route=\/wp\/v2\/users\/1"}],"replies":[{"embeddable":true,"href":"https:\/\/europaeischeverlagsanstalt.de\/index.php?rest_route=%2Fwp%2Fv2%2Fcomments&post=1892"}],"version-history":[{"count":5,"href":"https:\/\/europaeischeverlagsanstalt.de\/index.php?rest_route=\/wp\/v2\/posts\/1892\/revisions"}],"predecessor-version":[{"id":1910,"href":"https:\/\/europaeischeverlagsanstalt.de\/index.php?rest_route=\/wp\/v2\/posts\/1892\/revisions\/1910"}],"wp:featuredmedia":[{"embeddable":true,"href":"https:\/\/europaeischeverlagsanstalt.de\/index.php?rest_route=\/wp\/v2\/media\/2084"}],"wp:attachment":[{"href":"https:\/\/europaeischeverlagsanstalt.de\/index.php?rest_route=%2Fwp%2Fv2%2Fmedia&parent=1892"}],"wp:term":[{"taxonomy":"category","embeddable":true,"href":"https:\/\/europaeischeverlagsanstalt.de\/index.php?rest_route=%2Fwp%2Fv2%2Fcategories&post=1892"},{"taxonomy":"post_tag","embeddable":true,"href":"https:\/\/europaeischeverlagsanstalt.de\/index.php?rest_route=%2Fwp%2Fv2%2Ftags&post=1892"}],"curies":[{"name":"wp","href":"https:\/\/api.w.org\/{rel}","templated":true}]}}