{"id":1858,"date":"2021-03-15T23:43:57","date_gmt":"2021-03-15T21:43:57","guid":{"rendered":"http:\/\/wp13621818.server-he.de\/?p=1858"},"modified":"2021-12-15T13:33:16","modified_gmt":"2021-12-15T11:33:16","slug":"michael-ignatieff","status":"publish","type":"post","link":"https:\/\/europaeischeverlagsanstalt.de\/?p=1858","title":{"rendered":"Michael Ignatieff"},"content":{"rendered":"\n<p>Michael Ignatieff (geb. 1947 in Kanada), Professor f\u00fcr Menschenrechtspolitik am Carr Centre der Kennedy School of Government in Harvard. Studium der Geschichte und Philosophie in Cambridge, danach viele Jahre Arbeit als Journalist f\u00fcr die BBC, eigene Talk Show. Publizist, politischer Kommentator und Romancier. Ver\u00f6ffentlichungen u.a.: &#8220;Die Zivilisierung des Krieges&#8221;; &#8220;Virtueller Krieg&#8221;; &#8220;Die Politik der Menschenrechte&#8221;; &#8220;Wovon lebt der Mensch?&#8221; Ignatieff schreibt regelm\u00e4\u00dfig f\u00fcr das &#8220;New York Times Magazin&#8221;, den &#8220;Guardian&#8221;, die &#8220;Herald Tribune&#8221;, &#8220;Die Zeit&#8221; und &#8220;Le Monde Diplomatique&#8221;.<\/p>\n","protected":false},"excerpt":{"rendered":"<p>Michael Ignatieff (geb. 1947 in Kanada), Professor f\u00fcr Menschenrechtspolitik am Carr Centre der Kennedy School of Government in Harvard. Studium der Geschichte und Philosophie in Cambridge, danach viele Jahre Arbeit als Journalist f\u00fcr die BBC, eigene Talk Show. Publizist, politischer Kommentator und Romancier. Ver\u00f6ffentlichungen u.a.: &#8220;Die Zivilisierung des Krieges&#8221;; &#8220;Virtueller Krieg&#8221;; &#8220;Die Politik der Menschenrechte&#8221;;&#8230;<\/p>\n","protected":false},"author":1,"featured_media":3670,"comment_status":"open","ping_status":"closed","sticky":false,"template":"","format":"standard","meta":[],"categories":[21],"tags":[78],"_links":{"self":[{"href":"https:\/\/europaeischeverlagsanstalt.de\/index.php?rest_route=\/wp\/v2\/posts\/1858"}],"collection":[{"href":"https:\/\/europaeischeverlagsanstalt.de\/index.php?rest_route=\/wp\/v2\/posts"}],"about":[{"href":"https:\/\/europaeischeverlagsanstalt.de\/index.php?rest_route=\/wp\/v2\/types\/post"}],"author":[{"embeddable":true,"href":"https:\/\/europaeischeverlagsanstalt.de\/index.php?rest_route=\/wp\/v2\/users\/1"}],"replies":[{"embeddable":true,"href":"https:\/\/europaeischeverlagsanstalt.de\/index.php?rest_route=%2Fwp%2Fv2%2Fcomments&post=1858"}],"version-history":[{"count":5,"href":"https:\/\/europaeischeverlagsanstalt.de\/index.php?rest_route=\/wp\/v2\/posts\/1858\/revisions"}],"predecessor-version":[{"id":1913,"href":"https:\/\/europaeischeverlagsanstalt.de\/index.php?rest_route=\/wp\/v2\/posts\/1858\/revisions\/1913"}],"wp:featuredmedia":[{"embeddable":true,"href":"https:\/\/europaeischeverlagsanstalt.de\/index.php?rest_route=\/wp\/v2\/media\/3670"}],"wp:attachment":[{"href":"https:\/\/europaeischeverlagsanstalt.de\/index.php?rest_route=%2Fwp%2Fv2%2Fmedia&parent=1858"}],"wp:term":[{"taxonomy":"category","embeddable":true,"href":"https:\/\/europaeischeverlagsanstalt.de\/index.php?rest_route=%2Fwp%2Fv2%2Fcategories&post=1858"},{"taxonomy":"post_tag","embeddable":true,"href":"https:\/\/europaeischeverlagsanstalt.de\/index.php?rest_route=%2Fwp%2Fv2%2Ftags&post=1858"}],"curies":[{"name":"wp","href":"https:\/\/api.w.org\/{rel}","templated":true}]}}