{"id":1855,"date":"2021-03-15T23:42:36","date_gmt":"2021-03-15T21:42:36","guid":{"rendered":"http:\/\/wp13621818.server-he.de\/?p=1855"},"modified":"2021-12-09T13:08:39","modified_gmt":"2021-12-09T11:08:39","slug":"klaus-wengst","status":"publish","type":"post","link":"https:\/\/europaeischeverlagsanstalt.de\/?p=1855","title":{"rendered":"Klaus Wengst"},"content":{"rendered":"\n<p>Klaus Wengst, geboren 1942 in Remsfeld (Bezirk Kassel); 1961\u20131967 Studium der evangelischen Theologie in Bethel, T\u00fcbingen, Heidelberg und Bonn; 1967 Promotion in Bonn; 1970 Habilitation in Bonn; 1981 Professor f\u00fcr Neues Testament in Bochum; infolge der Studentenbewegung und daraus resultierender politischer Bet\u00e4tigung sozialgeschichtlich orientierte Exegese; seit Ende der 80er Jahre Begegnung mit dem Judentum; 1991 Studienaufenthalt an der Hebr\u00e4ischen Universit\u00e4t in Jerusalem; seit 2007 pensioniert. Letzte Buchver\u00f6ffentlichungen: Der wirkliche Jesus? Eine Streitschrift \u00fcber die historisch wenig ergiebige und theologisch sinnlose Suche nach dem historischen Jesus, Stuttgart 2013; Christsein mit Tora und Evangelium. Beitr\u00e4ge zum Umbau christlicher Theologie im Angesicht Israels, Stuttgart 2014; Mirjams Sohn \u2013 Gottes Gesalbter. Mit den vier Evangelisten Jesus entdecken. G\u00fctersloh 2016.<\/p>\n","protected":false},"excerpt":{"rendered":"<p>Klaus Wengst, geboren 1942 in Remsfeld (Bezirk Kassel); 1961\u20131967 Studium der evangelischen Theologie in Bethel, T\u00fcbingen, Heidelberg und Bonn; 1967 Promotion in Bonn; 1970 Habilitation in Bonn; 1981 Professor f\u00fcr Neues Testament in Bochum; infolge der Studentenbewegung und daraus resultierender politischer Bet\u00e4tigung sozialgeschichtlich orientierte Exegese; seit Ende der 80er Jahre Begegnung mit dem Judentum; 1991&#8230;<\/p>\n","protected":false},"author":1,"featured_media":0,"comment_status":"open","ping_status":"closed","sticky":false,"template":"","format":"standard","meta":[],"categories":[21],"tags":[81],"_links":{"self":[{"href":"https:\/\/europaeischeverlagsanstalt.de\/index.php?rest_route=\/wp\/v2\/posts\/1855"}],"collection":[{"href":"https:\/\/europaeischeverlagsanstalt.de\/index.php?rest_route=\/wp\/v2\/posts"}],"about":[{"href":"https:\/\/europaeischeverlagsanstalt.de\/index.php?rest_route=\/wp\/v2\/types\/post"}],"author":[{"embeddable":true,"href":"https:\/\/europaeischeverlagsanstalt.de\/index.php?rest_route=\/wp\/v2\/users\/1"}],"replies":[{"embeddable":true,"href":"https:\/\/europaeischeverlagsanstalt.de\/index.php?rest_route=%2Fwp%2Fv2%2Fcomments&post=1855"}],"version-history":[{"count":6,"href":"https:\/\/europaeischeverlagsanstalt.de\/index.php?rest_route=\/wp\/v2\/posts\/1855\/revisions"}],"predecessor-version":[{"id":1930,"href":"https:\/\/europaeischeverlagsanstalt.de\/index.php?rest_route=\/wp\/v2\/posts\/1855\/revisions\/1930"}],"wp:attachment":[{"href":"https:\/\/europaeischeverlagsanstalt.de\/index.php?rest_route=%2Fwp%2Fv2%2Fmedia&parent=1855"}],"wp:term":[{"taxonomy":"category","embeddable":true,"href":"https:\/\/europaeischeverlagsanstalt.de\/index.php?rest_route=%2Fwp%2Fv2%2Fcategories&post=1855"},{"taxonomy":"post_tag","embeddable":true,"href":"https:\/\/europaeischeverlagsanstalt.de\/index.php?rest_route=%2Fwp%2Fv2%2Ftags&post=1855"}],"curies":[{"name":"wp","href":"https:\/\/api.w.org\/{rel}","templated":true}]}}