{"id":1854,"date":"2021-03-15T23:42:10","date_gmt":"2021-03-15T21:42:10","guid":{"rendered":"http:\/\/wp13621818.server-he.de\/?p=1854"},"modified":"2021-04-13T23:55:25","modified_gmt":"2021-04-13T21:55:25","slug":"klaus-ronneberger","status":"publish","type":"post","link":"https:\/\/europaeischeverlagsanstalt.de\/?p=1854","title":{"rendered":"Klaus Ronneberger"},"content":{"rendered":"\n<p>Klaus Ronneberger, geboren 1950, studierte Sozialp\u00e4dagogik, Kulturwissenschaft und Soziologie. Er war langj\u00e4hriger Mitarbeiter des Instituts f\u00fcr Sozialforschung in Frankfurt a. M. und arbeitet dort heute als freier Publizist. Er ist Mitglied der Stadtforschungsgruppe \u00bbspacelab\u00ab.<\/p>\n","protected":false},"excerpt":{"rendered":"<p>Klaus Ronneberger, geboren 1950, studierte Sozialp\u00e4dagogik, Kulturwissenschaft und Soziologie. Er war langj\u00e4hriger Mitarbeiter des Instituts f\u00fcr Sozialforschung in Frankfurt a. M. und arbeitet dort heute als freier Publizist. Er ist Mitglied der Stadtforschungsgruppe \u00bbspacelab\u00ab.<\/p>\n","protected":false},"author":1,"featured_media":2080,"comment_status":"open","ping_status":"closed","sticky":false,"template":"","format":"standard","meta":[],"categories":[21],"tags":[82],"_links":{"self":[{"href":"https:\/\/europaeischeverlagsanstalt.de\/index.php?rest_route=\/wp\/v2\/posts\/1854"}],"collection":[{"href":"https:\/\/europaeischeverlagsanstalt.de\/index.php?rest_route=\/wp\/v2\/posts"}],"about":[{"href":"https:\/\/europaeischeverlagsanstalt.de\/index.php?rest_route=\/wp\/v2\/types\/post"}],"author":[{"embeddable":true,"href":"https:\/\/europaeischeverlagsanstalt.de\/index.php?rest_route=\/wp\/v2\/users\/1"}],"replies":[{"embeddable":true,"href":"https:\/\/europaeischeverlagsanstalt.de\/index.php?rest_route=%2Fwp%2Fv2%2Fcomments&post=1854"}],"version-history":[{"count":5,"href":"https:\/\/europaeischeverlagsanstalt.de\/index.php?rest_route=\/wp\/v2\/posts\/1854\/revisions"}],"predecessor-version":[{"id":1925,"href":"https:\/\/europaeischeverlagsanstalt.de\/index.php?rest_route=\/wp\/v2\/posts\/1854\/revisions\/1925"}],"wp:featuredmedia":[{"embeddable":true,"href":"https:\/\/europaeischeverlagsanstalt.de\/index.php?rest_route=\/wp\/v2\/media\/2080"}],"wp:attachment":[{"href":"https:\/\/europaeischeverlagsanstalt.de\/index.php?rest_route=%2Fwp%2Fv2%2Fmedia&parent=1854"}],"wp:term":[{"taxonomy":"category","embeddable":true,"href":"https:\/\/europaeischeverlagsanstalt.de\/index.php?rest_route=%2Fwp%2Fv2%2Fcategories&post=1854"},{"taxonomy":"post_tag","embeddable":true,"href":"https:\/\/europaeischeverlagsanstalt.de\/index.php?rest_route=%2Fwp%2Fv2%2Ftags&post=1854"}],"curies":[{"name":"wp","href":"https:\/\/api.w.org\/{rel}","templated":true}]}}