{"id":1823,"date":"2021-03-15T23:36:45","date_gmt":"2021-03-15T21:36:45","guid":{"rendered":"http:\/\/wp13621818.server-he.de\/?p=1823"},"modified":"2021-06-17T11:35:05","modified_gmt":"2021-06-17T09:35:05","slug":"irmela-von-der-luehe","status":"publish","type":"post","link":"https:\/\/europaeischeverlagsanstalt.de\/?p=1823","title":{"rendered":"Irmela von der L\u00fche"},"content":{"rendered":"\n<p>Irmela von der L\u00fche, Professorin (a.D.) f\u00fcr Neuere Deutsche Literatur an der FU Berlin und (seit Oktober 2013) Senior Advisor am Zentrum J\u00fcdische Studien Berlin-Brandenburg. Forschungsschwerpunkte im Bereich der deutsch j\u00fcdischen Literatur-und Kulturgeschichte, der Literatur des Exils und der Shoah, der Literaturgeschichte weiblicher Autorschaft sowie der Thomas Mann-Familie. J\u00fcngste Ver\u00f6ffentlichungen: (mit Dorothee Gelhard): Wer zeugt f\u00fcr den Zeugen? Positionen j\u00fcdischen Erinnerns im 20. Jahrhundert. Frankfurt a.M.\/ Berlin\/ Bern u.a. 2012; (mit Hans-Richard Brittnacher): Kriegstaumel und Pazifismus. J\u00fcdische Intellektuelle im Ersten Weltkrieg. Frankfurt a.M.\/Berlin\/Bern 2016; Ich sch\u00e4me mich meines Verfahrens. Lessings Lustspiel Die Juden und die Diskussion um Vernunftreligion und religi\u00f6se Toleranz. In: Aspekte des Religi\u00f6sen (2. Jahrbuch Zentrum J\u00fcdische Studien Berlin-Brandenburg, hrsg. v. R. Kampling u.a.) Berlin 2015,S. 9\u201328; Gott will ich verbrennen. Gescheiterte Blasphemie in Joseph Roths Hiob. In: R. Brittnacher\/Th. Koebner (Hg.): \u201eGottesl\u00e4sterung\u201c und Glaubenskritik in der Literatur und den K\u00fcnsten. Marburg 2016, S. 86\u201396.<\/p>\n","protected":false},"excerpt":{"rendered":"<p>Irmela von der L\u00fche, Professorin (a.D.) f\u00fcr Neuere Deutsche Literatur an der FU Berlin und (seit Oktober 2013) Senior Advisor am Zentrum J\u00fcdische Studien Berlin-Brandenburg. Forschungsschwerpunkte im Bereich der deutsch j\u00fcdischen Literatur-und Kulturgeschichte, der Literatur des Exils und der Shoah, der Literaturgeschichte weiblicher Autorschaft sowie der Thomas Mann-Familie. J\u00fcngste Ver\u00f6ffentlichungen: (mit Dorothee Gelhard): Wer zeugt&#8230;<\/p>\n","protected":false},"author":1,"featured_media":2490,"comment_status":"open","ping_status":"closed","sticky":false,"template":"","format":"standard","meta":[],"categories":[21],"tags":[74],"_links":{"self":[{"href":"https:\/\/europaeischeverlagsanstalt.de\/index.php?rest_route=\/wp\/v2\/posts\/1823"}],"collection":[{"href":"https:\/\/europaeischeverlagsanstalt.de\/index.php?rest_route=\/wp\/v2\/posts"}],"about":[{"href":"https:\/\/europaeischeverlagsanstalt.de\/index.php?rest_route=\/wp\/v2\/types\/post"}],"author":[{"embeddable":true,"href":"https:\/\/europaeischeverlagsanstalt.de\/index.php?rest_route=\/wp\/v2\/users\/1"}],"replies":[{"embeddable":true,"href":"https:\/\/europaeischeverlagsanstalt.de\/index.php?rest_route=%2Fwp%2Fv2%2Fcomments&post=1823"}],"version-history":[{"count":5,"href":"https:\/\/europaeischeverlagsanstalt.de\/index.php?rest_route=\/wp\/v2\/posts\/1823\/revisions"}],"predecessor-version":[{"id":1841,"href":"https:\/\/europaeischeverlagsanstalt.de\/index.php?rest_route=\/wp\/v2\/posts\/1823\/revisions\/1841"}],"wp:featuredmedia":[{"embeddable":true,"href":"https:\/\/europaeischeverlagsanstalt.de\/index.php?rest_route=\/wp\/v2\/media\/2490"}],"wp:attachment":[{"href":"https:\/\/europaeischeverlagsanstalt.de\/index.php?rest_route=%2Fwp%2Fv2%2Fmedia&parent=1823"}],"wp:term":[{"taxonomy":"category","embeddable":true,"href":"https:\/\/europaeischeverlagsanstalt.de\/index.php?rest_route=%2Fwp%2Fv2%2Fcategories&post=1823"},{"taxonomy":"post_tag","embeddable":true,"href":"https:\/\/europaeischeverlagsanstalt.de\/index.php?rest_route=%2Fwp%2Fv2%2Ftags&post=1823"}],"curies":[{"name":"wp","href":"https:\/\/api.w.org\/{rel}","templated":true}]}}