{"id":1821,"date":"2021-03-15T23:35:48","date_gmt":"2021-03-15T21:35:48","guid":{"rendered":"http:\/\/wp13621818.server-he.de\/?p=1821"},"modified":"2021-09-07T16:59:04","modified_gmt":"2021-09-07T14:59:04","slug":"horst-dreier","status":"publish","type":"post","link":"https:\/\/europaeischeverlagsanstalt.de\/?p=1821","title":{"rendered":"Horst Dreier"},"content":{"rendered":"\n<p>Horst Dreier war bis zu seiner Emeritierung im September 2020 Inhaber des Lehrstuhls f\u00fcr Rechtsphilosophie, Staats- und Verwaltungsrecht an der Universit\u00e4t W\u00fcrzburg. Seine Dissertation von 1986 (&#8220;Rechtslehre, Staatssoziologie und Demokratietheorie bei Hans Kelsen&#8221;) l\u00e4utete die Wiederentdeckung Kelsens in der deutschen Staatsrechtswissenschaft ein.<\/p>\n","protected":false},"excerpt":{"rendered":"<p>Horst Dreier war bis zu seiner Emeritierung im September 2020 Inhaber des Lehrstuhls f\u00fcr Rechtsphilosophie, Staats- und Verwaltungsrecht an der Universit\u00e4t W\u00fcrzburg. Seine Dissertation von 1986 (&#8220;Rechtslehre, Staatssoziologie und Demokratietheorie bei Hans Kelsen&#8221;) l\u00e4utete die Wiederentdeckung Kelsens in der deutschen Staatsrechtswissenschaft ein.<\/p>\n","protected":false},"author":1,"featured_media":2474,"comment_status":"open","ping_status":"closed","sticky":false,"template":"","format":"standard","meta":[],"categories":[1,21],"tags":[73],"_links":{"self":[{"href":"https:\/\/europaeischeverlagsanstalt.de\/index.php?rest_route=\/wp\/v2\/posts\/1821"}],"collection":[{"href":"https:\/\/europaeischeverlagsanstalt.de\/index.php?rest_route=\/wp\/v2\/posts"}],"about":[{"href":"https:\/\/europaeischeverlagsanstalt.de\/index.php?rest_route=\/wp\/v2\/types\/post"}],"author":[{"embeddable":true,"href":"https:\/\/europaeischeverlagsanstalt.de\/index.php?rest_route=\/wp\/v2\/users\/1"}],"replies":[{"embeddable":true,"href":"https:\/\/europaeischeverlagsanstalt.de\/index.php?rest_route=%2Fwp%2Fv2%2Fcomments&post=1821"}],"version-history":[{"count":6,"href":"https:\/\/europaeischeverlagsanstalt.de\/index.php?rest_route=\/wp\/v2\/posts\/1821\/revisions"}],"predecessor-version":[{"id":2841,"href":"https:\/\/europaeischeverlagsanstalt.de\/index.php?rest_route=\/wp\/v2\/posts\/1821\/revisions\/2841"}],"wp:featuredmedia":[{"embeddable":true,"href":"https:\/\/europaeischeverlagsanstalt.de\/index.php?rest_route=\/wp\/v2\/media\/2474"}],"wp:attachment":[{"href":"https:\/\/europaeischeverlagsanstalt.de\/index.php?rest_route=%2Fwp%2Fv2%2Fmedia&parent=1821"}],"wp:term":[{"taxonomy":"category","embeddable":true,"href":"https:\/\/europaeischeverlagsanstalt.de\/index.php?rest_route=%2Fwp%2Fv2%2Fcategories&post=1821"},{"taxonomy":"post_tag","embeddable":true,"href":"https:\/\/europaeischeverlagsanstalt.de\/index.php?rest_route=%2Fwp%2Fv2%2Ftags&post=1821"}],"curies":[{"name":"wp","href":"https:\/\/api.w.org\/{rel}","templated":true}]}}