{"id":1819,"date":"2021-03-15T23:34:37","date_gmt":"2021-03-15T21:34:37","guid":{"rendered":"http:\/\/wp13621818.server-he.de\/?p=1819"},"modified":"2024-03-11T12:19:46","modified_gmt":"2024-03-11T10:19:46","slug":"herfried-muenkler","status":"publish","type":"post","link":"https:\/\/europaeischeverlagsanstalt.de\/?p=1819","title":{"rendered":"Herfried M\u00fcnkler"},"content":{"rendered":"\n<p>Herfried M\u00fcnkler, geboren 1951, ist ein vielfach ausgezeichneter Professor em. f\u00fcr Politikwissenschaft an der Berliner Humboldt-Universit\u00e4t. Viele seiner B\u00fccher gelten als Standardwerke, etwa \u00bbDie Deutschen und ihre Mythen\u00ab (2009), \u00bbDer Gro\u00dfe Krieg\u00ab (2013), \u00bbDie neuen Deutschen\u00ab (2016), \u00bbDer Drei\u00dfig j\u00e4hrige Krieg\u00ab (2017), \u00bbMarx, Wagner, Nietzsche\u00ab (2021), \u00bbWelt in Aufruhr. Die Ordnung der M\u00e4chte im 21. Jahrhundert\u00ab (2023), \u00bbMachtzerfall\u00ab (Neuausgabe 2014\/2024).<\/p>\n","protected":false},"excerpt":{"rendered":"<p>Herfried M\u00fcnkler, geboren 1951, ist ein vielfach ausgezeichneter Professor em. f\u00fcr Politikwissenschaft an der Berliner Humboldt-Universit\u00e4t. Viele seiner B\u00fccher gelten als Standardwerke, etwa \u00bbDie Deutschen und ihre Mythen\u00ab (2009), \u00bbDer Gro\u00dfe Krieg\u00ab (2013), \u00bbDie neuen Deutschen\u00ab (2016), \u00bbDer Drei\u00dfig j\u00e4hrige Krieg\u00ab (2017), \u00bbMarx, Wagner, Nietzsche\u00ab (2021), \u00bbWelt in Aufruhr. Die Ordnung der M\u00e4chte im 21&#8230;.<\/p>\n","protected":false},"author":1,"featured_media":2076,"comment_status":"open","ping_status":"closed","sticky":false,"template":"","format":"standard","meta":[],"categories":[21],"tags":[71],"_links":{"self":[{"href":"https:\/\/europaeischeverlagsanstalt.de\/index.php?rest_route=\/wp\/v2\/posts\/1819"}],"collection":[{"href":"https:\/\/europaeischeverlagsanstalt.de\/index.php?rest_route=\/wp\/v2\/posts"}],"about":[{"href":"https:\/\/europaeischeverlagsanstalt.de\/index.php?rest_route=\/wp\/v2\/types\/post"}],"author":[{"embeddable":true,"href":"https:\/\/europaeischeverlagsanstalt.de\/index.php?rest_route=\/wp\/v2\/users\/1"}],"replies":[{"embeddable":true,"href":"https:\/\/europaeischeverlagsanstalt.de\/index.php?rest_route=%2Fwp%2Fv2%2Fcomments&post=1819"}],"version-history":[{"count":9,"href":"https:\/\/europaeischeverlagsanstalt.de\/index.php?rest_route=\/wp\/v2\/posts\/1819\/revisions"}],"predecessor-version":[{"id":6112,"href":"https:\/\/europaeischeverlagsanstalt.de\/index.php?rest_route=\/wp\/v2\/posts\/1819\/revisions\/6112"}],"wp:featuredmedia":[{"embeddable":true,"href":"https:\/\/europaeischeverlagsanstalt.de\/index.php?rest_route=\/wp\/v2\/media\/2076"}],"wp:attachment":[{"href":"https:\/\/europaeischeverlagsanstalt.de\/index.php?rest_route=%2Fwp%2Fv2%2Fmedia&parent=1819"}],"wp:term":[{"taxonomy":"category","embeddable":true,"href":"https:\/\/europaeischeverlagsanstalt.de\/index.php?rest_route=%2Fwp%2Fv2%2Fcategories&post=1819"},{"taxonomy":"post_tag","embeddable":true,"href":"https:\/\/europaeischeverlagsanstalt.de\/index.php?rest_route=%2Fwp%2Fv2%2Ftags&post=1819"}],"curies":[{"name":"wp","href":"https:\/\/api.w.org\/{rel}","templated":true}]}}