{"id":1796,"date":"2021-03-15T23:28:29","date_gmt":"2021-03-15T21:28:29","guid":{"rendered":"http:\/\/wp13621818.server-he.de\/?p=1796"},"modified":"2021-12-14T13:18:25","modified_gmt":"2021-12-14T11:18:25","slug":"hans-adler","status":"publish","type":"post","link":"https:\/\/europaeischeverlagsanstalt.de\/?p=1796","title":{"rendered":"H. G. Adler"},"content":{"rendered":"\n<p>H.G. Adler, 1910-1988, arbeitete vor dem Krieg als Lehrer und Radioredakteur in Prag, nach dem Krieg als Schriftsteller in London. Er wurde 1941 zun\u00e4chst als Zwangsarbeiter interniert, dann nach Theresienstadt deportiert und sp\u00e4ter nach Auschwitz. 1945 Befreiung aus dem KZ Langenstein-Zwieberge. Er geh\u00f6rte dem Internationalen Auschwitzkomitee an und organisierte dessen Arbeit in Gro\u00dfbritannien. Von 1973 bis 1985 war er Pr\u00e4sident des P.E.N.-Zentrums deutschsprachiger Autoren im Ausland.<\/p>\n","protected":false},"excerpt":{"rendered":"<p>H.G. Adler, 1910-1988, arbeitete vor dem Krieg als Lehrer und Radioredakteur in Prag, nach dem Krieg als Schriftsteller in London. Er wurde 1941 zun\u00e4chst als Zwangsarbeiter interniert, dann nach Theresienstadt deportiert und sp\u00e4ter nach Auschwitz. 1945 Befreiung aus dem KZ Langenstein-Zwieberge. Er geh\u00f6rte dem Internationalen Auschwitzkomitee an und organisierte dessen Arbeit in Gro\u00dfbritannien. Von 1973&#8230;<\/p>\n","protected":false},"author":1,"featured_media":3645,"comment_status":"open","ping_status":"closed","sticky":false,"template":"","format":"standard","meta":[],"categories":[21],"tags":[156],"_links":{"self":[{"href":"https:\/\/europaeischeverlagsanstalt.de\/index.php?rest_route=\/wp\/v2\/posts\/1796"}],"collection":[{"href":"https:\/\/europaeischeverlagsanstalt.de\/index.php?rest_route=\/wp\/v2\/posts"}],"about":[{"href":"https:\/\/europaeischeverlagsanstalt.de\/index.php?rest_route=\/wp\/v2\/types\/post"}],"author":[{"embeddable":true,"href":"https:\/\/europaeischeverlagsanstalt.de\/index.php?rest_route=\/wp\/v2\/users\/1"}],"replies":[{"embeddable":true,"href":"https:\/\/europaeischeverlagsanstalt.de\/index.php?rest_route=%2Fwp%2Fv2%2Fcomments&post=1796"}],"version-history":[{"count":6,"href":"https:\/\/europaeischeverlagsanstalt.de\/index.php?rest_route=\/wp\/v2\/posts\/1796\/revisions"}],"predecessor-version":[{"id":2102,"href":"https:\/\/europaeischeverlagsanstalt.de\/index.php?rest_route=\/wp\/v2\/posts\/1796\/revisions\/2102"}],"wp:featuredmedia":[{"embeddable":true,"href":"https:\/\/europaeischeverlagsanstalt.de\/index.php?rest_route=\/wp\/v2\/media\/3645"}],"wp:attachment":[{"href":"https:\/\/europaeischeverlagsanstalt.de\/index.php?rest_route=%2Fwp%2Fv2%2Fmedia&parent=1796"}],"wp:term":[{"taxonomy":"category","embeddable":true,"href":"https:\/\/europaeischeverlagsanstalt.de\/index.php?rest_route=%2Fwp%2Fv2%2Fcategories&post=1796"},{"taxonomy":"post_tag","embeddable":true,"href":"https:\/\/europaeischeverlagsanstalt.de\/index.php?rest_route=%2Fwp%2Fv2%2Ftags&post=1796"}],"curies":[{"name":"wp","href":"https:\/\/api.w.org\/{rel}","templated":true}]}}