{"id":1782,"date":"2021-03-15T23:23:31","date_gmt":"2021-03-15T21:23:31","guid":{"rendered":"http:\/\/wp13621818.server-he.de\/?p=1782"},"modified":"2021-04-13T23:55:55","modified_gmt":"2021-04-13T21:55:55","slug":"franz-rosenzweig","status":"publish","type":"post","link":"https:\/\/europaeischeverlagsanstalt.de\/?p=1782","title":{"rendered":"Franz Rosenzweig"},"content":{"rendered":"\n<p>Franz Rosenzweig (1886\u20131929) war ein j\u00fcdischer Religionsphilosoph und P\u00e4dagoge. Durch sein entschiedenes Bekenntnis zum Judesein, durch seine Glaubensphilosophie und seine Werke, durch seine Gr\u00fcndung des Freien J\u00fcdischen Lehrhauses in Frankfurt am Main ist Franz Rosenzweig in mehrfacher Hinsicht zum Vorbild und Lehrer des Judentums in der Diaspora geworden. W\u00e4hrend des Ersten Weltkriegs, zu dem er sich freiwillig meldete, f\u00fchrte er von der Balkanfront mit Eugen Rosenstock einen streitbaren j\u00fcdisch-christlichen Dialog. Sein gro\u00dfes glaubensphilosophisches Werk Der Stern der Erl\u00f6sung erschien 1921. In der Zeit seiner schweren L\u00e4hmungserkrankung konnte er noch seine \u00dcbersetzungen der Hymnen und Gedichte des Jehuda Halevi vollenden und seit 1924 gemeinsam mit seinem engsten Freund Martin Buber (1878 \u2013 1965) die \u00bbVerdeutschung der Schrift\u00ab (Die f\u00fcnf B\u00fccher der Weisung, 1925). Buber setzte nach Rosenzweigs Tod die \u00dcbersetzungsarbeit fort, bis 1961 die letzten Teile der hebr\u00e4ischen Bibel ins Deutsche \u00fcbersetzt erscheinen konnten. Kurz vor seinem 43. Geburtstag ist Rosenzweig 1929 in Frankfurt am Main gestorben.<\/p>\n","protected":false},"excerpt":{"rendered":"<p>Franz Rosenzweig (1886\u20131929) war ein j\u00fcdischer Religionsphilosoph und P\u00e4dagoge. Durch sein entschiedenes Bekenntnis zum Judesein, durch seine Glaubensphilosophie und seine Werke, durch seine Gr\u00fcndung des Freien J\u00fcdischen Lehrhauses in Frankfurt am Main ist Franz Rosenzweig in mehrfacher Hinsicht zum Vorbild und Lehrer des Judentums in der Diaspora geworden. W\u00e4hrend des Ersten Weltkriegs, zu dem er&#8230;<\/p>\n","protected":false},"author":1,"featured_media":2082,"comment_status":"open","ping_status":"closed","sticky":false,"template":"","format":"standard","meta":[],"categories":[21],"tags":[65],"_links":{"self":[{"href":"https:\/\/europaeischeverlagsanstalt.de\/index.php?rest_route=\/wp\/v2\/posts\/1782"}],"collection":[{"href":"https:\/\/europaeischeverlagsanstalt.de\/index.php?rest_route=\/wp\/v2\/posts"}],"about":[{"href":"https:\/\/europaeischeverlagsanstalt.de\/index.php?rest_route=\/wp\/v2\/types\/post"}],"author":[{"embeddable":true,"href":"https:\/\/europaeischeverlagsanstalt.de\/index.php?rest_route=\/wp\/v2\/users\/1"}],"replies":[{"embeddable":true,"href":"https:\/\/europaeischeverlagsanstalt.de\/index.php?rest_route=%2Fwp%2Fv2%2Fcomments&post=1782"}],"version-history":[{"count":4,"href":"https:\/\/europaeischeverlagsanstalt.de\/index.php?rest_route=\/wp\/v2\/posts\/1782\/revisions"}],"predecessor-version":[{"id":1806,"href":"https:\/\/europaeischeverlagsanstalt.de\/index.php?rest_route=\/wp\/v2\/posts\/1782\/revisions\/1806"}],"wp:featuredmedia":[{"embeddable":true,"href":"https:\/\/europaeischeverlagsanstalt.de\/index.php?rest_route=\/wp\/v2\/media\/2082"}],"wp:attachment":[{"href":"https:\/\/europaeischeverlagsanstalt.de\/index.php?rest_route=%2Fwp%2Fv2%2Fmedia&parent=1782"}],"wp:term":[{"taxonomy":"category","embeddable":true,"href":"https:\/\/europaeischeverlagsanstalt.de\/index.php?rest_route=%2Fwp%2Fv2%2Fcategories&post=1782"},{"taxonomy":"post_tag","embeddable":true,"href":"https:\/\/europaeischeverlagsanstalt.de\/index.php?rest_route=%2Fwp%2Fv2%2Ftags&post=1782"}],"curies":[{"name":"wp","href":"https:\/\/api.w.org\/{rel}","templated":true}]}}