{"id":1781,"date":"2021-03-15T23:24:57","date_gmt":"2021-03-15T21:24:57","guid":{"rendered":"http:\/\/wp13621818.server-he.de\/?p=1781"},"modified":"2021-11-22T15:20:10","modified_gmt":"2021-11-22T13:20:10","slug":"gerhard-durlacher","status":"publish","type":"post","link":"https:\/\/europaeischeverlagsanstalt.de\/?p=1781","title":{"rendered":"Gerhard L. Durlacher"},"content":{"rendered":"\n<p>Gerhard L. Durlacher (1928-1996) wuchs in Baden-Baden auf. 1937 floh die Familie nach Holland. Von dort aus wurde er 1942 in das holl\u00e4ndische Transitlager Westerbork deportiert und 1944 \u00fcber Theresienstadt nach Auschwitz verschleppt. Er war einer der wenigen, die das Todeslager \u00fcberlebten. Nach der Befreiung kehrte er nach Holland zur\u00fcck, studierte Medizin und Sozialwissenschaften und lehrte an der Universit\u00e4t Amsterdam.<\/p>\n","protected":false},"excerpt":{"rendered":"<p>Gerhard L. Durlacher (1928-1996) wuchs in Baden-Baden auf. 1937 floh die Familie nach Holland. Von dort aus wurde er 1942 in das holl\u00e4ndische Transitlager Westerbork deportiert und 1944 \u00fcber Theresienstadt nach Auschwitz verschleppt. Er war einer der wenigen, die das Todeslager \u00fcberlebten. Nach der Befreiung kehrte er nach Holland zur\u00fcck, studierte Medizin und Sozialwissenschaften und&#8230;<\/p>\n","protected":false},"author":1,"featured_media":2070,"comment_status":"open","ping_status":"closed","sticky":false,"template":"","format":"standard","meta":[],"categories":[21],"tags":[67],"_links":{"self":[{"href":"https:\/\/europaeischeverlagsanstalt.de\/index.php?rest_route=\/wp\/v2\/posts\/1781"}],"collection":[{"href":"https:\/\/europaeischeverlagsanstalt.de\/index.php?rest_route=\/wp\/v2\/posts"}],"about":[{"href":"https:\/\/europaeischeverlagsanstalt.de\/index.php?rest_route=\/wp\/v2\/types\/post"}],"author":[{"embeddable":true,"href":"https:\/\/europaeischeverlagsanstalt.de\/index.php?rest_route=\/wp\/v2\/users\/1"}],"replies":[{"embeddable":true,"href":"https:\/\/europaeischeverlagsanstalt.de\/index.php?rest_route=%2Fwp%2Fv2%2Fcomments&post=1781"}],"version-history":[{"count":9,"href":"https:\/\/europaeischeverlagsanstalt.de\/index.php?rest_route=\/wp\/v2\/posts\/1781\/revisions"}],"predecessor-version":[{"id":3344,"href":"https:\/\/europaeischeverlagsanstalt.de\/index.php?rest_route=\/wp\/v2\/posts\/1781\/revisions\/3344"}],"wp:featuredmedia":[{"embeddable":true,"href":"https:\/\/europaeischeverlagsanstalt.de\/index.php?rest_route=\/wp\/v2\/media\/2070"}],"wp:attachment":[{"href":"https:\/\/europaeischeverlagsanstalt.de\/index.php?rest_route=%2Fwp%2Fv2%2Fmedia&parent=1781"}],"wp:term":[{"taxonomy":"category","embeddable":true,"href":"https:\/\/europaeischeverlagsanstalt.de\/index.php?rest_route=%2Fwp%2Fv2%2Fcategories&post=1781"},{"taxonomy":"post_tag","embeddable":true,"href":"https:\/\/europaeischeverlagsanstalt.de\/index.php?rest_route=%2Fwp%2Fv2%2Ftags&post=1781"}],"curies":[{"name":"wp","href":"https:\/\/api.w.org\/{rel}","templated":true}]}}