{"id":1756,"date":"2021-03-15T23:14:48","date_gmt":"2021-03-15T21:14:48","guid":{"rendered":"http:\/\/wp13621818.server-he.de\/?p=1756"},"modified":"2021-06-17T11:27:42","modified_gmt":"2021-06-17T09:27:42","slug":"dian-schefold","status":"publish","type":"post","link":"https:\/\/europaeischeverlagsanstalt.de\/?p=1756","title":{"rendered":"Dian Schefold"},"content":{"rendered":"\n<p>Dian Schefold, geboren 1936, Schulen und Studium bis zur Promotion (Dr. jur.) in Basel, mit Aufenthalten an der Freien Universit\u00e4t Berlin und am Schweizerischen Institut in Rom. Ab 1964 an der Freien Universit\u00e4t Berlin, dort Habilitation und Professor f\u00fcr \u00f6ffentliches Recht 1970-1980, 1980-2001 an der Universit\u00e4t Bremen. Zahlreiche Gastprofessuren an italienischen Universt\u00e4ten, 2001-2011 Mitglied und Vizepr\u00e4sident des Group of Independent Experts of Local Self-government des Europarats. Forschungsschwerpunkte: Italienisch-deutsche Verfassungsvergleichung, neuere Verfassungs- und Theoriegeschichte, F\u00f6deralismus und kommunale Selbstverwaltung, Parteienrecht.<br>Ver\u00f6ffentlichungen u.a.: Volkssouver\u00e4nit\u00e4t und repr\u00e4sentative Demokratie in der schweizerischen Regeneration 1830-1848 (1966), Einleitung zu Hugo Preu\u00df, Gesammelte Schriften Bd. 2: \u00d6ffentliches Recht und Rechtsphilosophie (2009), Bewahrung der Demokratie. Ausgew\u00e4hlte Aufs\u00e4tze (2012), Contributi comparatistici in fase di crisi finanziaria (2013), Ein j\u00fcdischer Gr\u00fcndervater der deutschen Demokratie: Hugo Preu\u00df (2018).<\/p>\n","protected":false},"excerpt":{"rendered":"<p>Dian Schefold, geboren 1936, Schulen und Studium bis zur Promotion (Dr. jur.) in Basel, mit Aufenthalten an der Freien Universit\u00e4t Berlin und am Schweizerischen Institut in Rom. Ab 1964 an der Freien Universit\u00e4t Berlin, dort Habilitation und Professor f\u00fcr \u00f6ffentliches Recht 1970-1980, 1980-2001 an der Universit\u00e4t Bremen. Zahlreiche Gastprofessuren an italienischen Universt\u00e4ten, 2001-2011 Mitglied und&#8230;<\/p>\n","protected":false},"author":1,"featured_media":2486,"comment_status":"open","ping_status":"closed","sticky":false,"template":"","format":"standard","meta":[],"categories":[21],"tags":[61],"_links":{"self":[{"href":"https:\/\/europaeischeverlagsanstalt.de\/index.php?rest_route=\/wp\/v2\/posts\/1756"}],"collection":[{"href":"https:\/\/europaeischeverlagsanstalt.de\/index.php?rest_route=\/wp\/v2\/posts"}],"about":[{"href":"https:\/\/europaeischeverlagsanstalt.de\/index.php?rest_route=\/wp\/v2\/types\/post"}],"author":[{"embeddable":true,"href":"https:\/\/europaeischeverlagsanstalt.de\/index.php?rest_route=\/wp\/v2\/users\/1"}],"replies":[{"embeddable":true,"href":"https:\/\/europaeischeverlagsanstalt.de\/index.php?rest_route=%2Fwp%2Fv2%2Fcomments&post=1756"}],"version-history":[{"count":7,"href":"https:\/\/europaeischeverlagsanstalt.de\/index.php?rest_route=\/wp\/v2\/posts\/1756\/revisions"}],"predecessor-version":[{"id":3805,"href":"https:\/\/europaeischeverlagsanstalt.de\/index.php?rest_route=\/wp\/v2\/posts\/1756\/revisions\/3805"}],"wp:featuredmedia":[{"embeddable":true,"href":"https:\/\/europaeischeverlagsanstalt.de\/index.php?rest_route=\/wp\/v2\/media\/2486"}],"wp:attachment":[{"href":"https:\/\/europaeischeverlagsanstalt.de\/index.php?rest_route=%2Fwp%2Fv2%2Fmedia&parent=1756"}],"wp:term":[{"taxonomy":"category","embeddable":true,"href":"https:\/\/europaeischeverlagsanstalt.de\/index.php?rest_route=%2Fwp%2Fv2%2Fcategories&post=1756"},{"taxonomy":"post_tag","embeddable":true,"href":"https:\/\/europaeischeverlagsanstalt.de\/index.php?rest_route=%2Fwp%2Fv2%2Ftags&post=1756"}],"curies":[{"name":"wp","href":"https:\/\/api.w.org\/{rel}","templated":true}]}}