{"id":1738,"date":"2021-03-15T22:42:39","date_gmt":"2021-03-15T20:42:39","guid":{"rendered":"http:\/\/wp13621818.server-he.de\/?p=1738"},"modified":"2021-09-07T13:08:10","modified_gmt":"2021-09-07T11:08:10","slug":"arthur-rosenberg","status":"publish","type":"post","link":"https:\/\/europaeischeverlagsanstalt.de\/?p=1738","title":{"rendered":"Arthur Rosenberg"},"content":{"rendered":"\n<p>Arthur Rosenberg (1889\u20131943) war Althistoriker und hatte mit einer Arbeit &#8220;Der Staat der alten Italiker&#8221; (1913) promoviert. Von 1924 bis 1928 war er Reichstagsabgeordneter, zun\u00e4chst der KPD, seit Ende 1927 der Sozialdemokraten. Er widmete sich dann jedoch wieder ganz seiner Lehrt\u00e4tigkeit, bis er 1933 Deutschland verlassen musste und nach England ging. Weitere wichtige Ver\u00f6ffentlichungen: &#8220;Demokratie und Klassenkampf im Altertum&#8221; (1921); &#8220;Geschichte des Bolschewismus von Marx bis zur Gegenwart&#8221; (1932); &#8220;Demokratie und Sozialismus. Zur politischen Geschichte der letzten 150 Jahre&#8221; (1938).<\/p>\n","protected":false},"excerpt":{"rendered":"<p>Arthur Rosenberg (1889\u20131943) war Althistoriker und hatte mit einer Arbeit &#8220;Der Staat der alten Italiker&#8221; (1913) promoviert. Von 1924 bis 1928 war er Reichstagsabgeordneter, zun\u00e4chst der KPD, seit Ende 1927 der Sozialdemokraten. Er widmete sich dann jedoch wieder ganz seiner Lehrt\u00e4tigkeit, bis er 1933 Deutschland verlassen musste und nach England ging. Weitere wichtige Ver\u00f6ffentlichungen: &#8220;Demokratie&#8230;<\/p>\n","protected":false},"author":1,"featured_media":2081,"comment_status":"open","ping_status":"closed","sticky":false,"template":"","format":"standard","meta":[],"categories":[21],"tags":[142],"_links":{"self":[{"href":"https:\/\/europaeischeverlagsanstalt.de\/index.php?rest_route=\/wp\/v2\/posts\/1738"}],"collection":[{"href":"https:\/\/europaeischeverlagsanstalt.de\/index.php?rest_route=\/wp\/v2\/posts"}],"about":[{"href":"https:\/\/europaeischeverlagsanstalt.de\/index.php?rest_route=\/wp\/v2\/types\/post"}],"author":[{"embeddable":true,"href":"https:\/\/europaeischeverlagsanstalt.de\/index.php?rest_route=\/wp\/v2\/users\/1"}],"replies":[{"embeddable":true,"href":"https:\/\/europaeischeverlagsanstalt.de\/index.php?rest_route=%2Fwp%2Fv2%2Fcomments&post=1738"}],"version-history":[{"count":9,"href":"https:\/\/europaeischeverlagsanstalt.de\/index.php?rest_route=\/wp\/v2\/posts\/1738\/revisions"}],"predecessor-version":[{"id":2783,"href":"https:\/\/europaeischeverlagsanstalt.de\/index.php?rest_route=\/wp\/v2\/posts\/1738\/revisions\/2783"}],"wp:featuredmedia":[{"embeddable":true,"href":"https:\/\/europaeischeverlagsanstalt.de\/index.php?rest_route=\/wp\/v2\/media\/2081"}],"wp:attachment":[{"href":"https:\/\/europaeischeverlagsanstalt.de\/index.php?rest_route=%2Fwp%2Fv2%2Fmedia&parent=1738"}],"wp:term":[{"taxonomy":"category","embeddable":true,"href":"https:\/\/europaeischeverlagsanstalt.de\/index.php?rest_route=%2Fwp%2Fv2%2Fcategories&post=1738"},{"taxonomy":"post_tag","embeddable":true,"href":"https:\/\/europaeischeverlagsanstalt.de\/index.php?rest_route=%2Fwp%2Fv2%2Ftags&post=1738"}],"curies":[{"name":"wp","href":"https:\/\/api.w.org\/{rel}","templated":true}]}}