{"id":1714,"date":"2021-03-15T22:04:39","date_gmt":"2021-03-15T20:04:39","guid":{"rendered":"http:\/\/wp13621818.server-he.de\/?p=1714"},"modified":"2021-12-09T12:40:49","modified_gmt":"2021-12-09T10:40:49","slug":"klaus-behnke","status":"publish","type":"post","link":"https:\/\/europaeischeverlagsanstalt.de\/?p=1714","title":{"rendered":"Klaus Behnke"},"content":{"rendered":"\n<p>Klaus Behnke, geboren 1950 in Teltow (DDR), verstorben 2015 in Berlin-Gatow, studierte an der Berliner Humboldt-Universit\u00e4t Psychologie, bis seine Immatrikulation wegen Protesten gegen die SED widerrufen wurde. Nach dem Theologiestudium 1977 folgte die Ausreise nach Westberlin und ein Einreiseverbot bis 1989. Behnke baute in Berlin eine Beratungsstelle f\u00fcr Menschen, die an Folgesch\u00e4den der DDR-Diktatur leiden, auf und leitete diese zun\u00e4chst. Er war als Psychotherapeut in freier Praxis in Berlin t\u00e4tig. <\/p>\n","protected":false},"excerpt":{"rendered":"<p>Klaus Behnke, geboren 1950 in Teltow (DDR), verstorben 2015 in Berlin-Gatow, studierte an der Berliner Humboldt-Universit\u00e4t Psychologie, bis seine Immatrikulation wegen Protesten gegen die SED widerrufen wurde. Nach dem Theologiestudium 1977 folgte die Ausreise nach Westberlin und ein Einreiseverbot bis 1989. Behnke baute in Berlin eine Beratungsstelle f\u00fcr Menschen, die an Folgesch\u00e4den der DDR-Diktatur leiden,&#8230;<\/p>\n","protected":false},"author":1,"featured_media":0,"comment_status":"open","ping_status":"closed","sticky":false,"template":"","format":"standard","meta":[],"categories":[21],"tags":[136],"_links":{"self":[{"href":"https:\/\/europaeischeverlagsanstalt.de\/index.php?rest_route=\/wp\/v2\/posts\/1714"}],"collection":[{"href":"https:\/\/europaeischeverlagsanstalt.de\/index.php?rest_route=\/wp\/v2\/posts"}],"about":[{"href":"https:\/\/europaeischeverlagsanstalt.de\/index.php?rest_route=\/wp\/v2\/types\/post"}],"author":[{"embeddable":true,"href":"https:\/\/europaeischeverlagsanstalt.de\/index.php?rest_route=\/wp\/v2\/users\/1"}],"replies":[{"embeddable":true,"href":"https:\/\/europaeischeverlagsanstalt.de\/index.php?rest_route=%2Fwp%2Fv2%2Fcomments&post=1714"}],"version-history":[{"count":7,"href":"https:\/\/europaeischeverlagsanstalt.de\/index.php?rest_route=\/wp\/v2\/posts\/1714\/revisions"}],"predecessor-version":[{"id":2250,"href":"https:\/\/europaeischeverlagsanstalt.de\/index.php?rest_route=\/wp\/v2\/posts\/1714\/revisions\/2250"}],"wp:attachment":[{"href":"https:\/\/europaeischeverlagsanstalt.de\/index.php?rest_route=%2Fwp%2Fv2%2Fmedia&parent=1714"}],"wp:term":[{"taxonomy":"category","embeddable":true,"href":"https:\/\/europaeischeverlagsanstalt.de\/index.php?rest_route=%2Fwp%2Fv2%2Fcategories&post=1714"},{"taxonomy":"post_tag","embeddable":true,"href":"https:\/\/europaeischeverlagsanstalt.de\/index.php?rest_route=%2Fwp%2Fv2%2Ftags&post=1714"}],"curies":[{"name":"wp","href":"https:\/\/api.w.org\/{rel}","templated":true}]}}