{"id":1658,"date":"2021-03-15T21:20:23","date_gmt":"2021-03-15T19:20:23","guid":{"rendered":"http:\/\/wp13621818.server-he.de\/?p=1658"},"modified":"2021-03-15T21:42:03","modified_gmt":"2021-03-15T19:42:03","slug":"mathis-wackernagel","status":"publish","type":"post","link":"https:\/\/europaeischeverlagsanstalt.de\/?p=1658","title":{"rendered":"Mathis Wackernagel"},"content":{"rendered":"\n<p>Mathis Wackernagel wurde 1962 in Basel geboren. Seine Dissertation, 1994 bei Prof. William E. Rees in Kanada, legte die methodischen Grundlagen zum Ecological Footprint. Das Thema der \u00f6kologischen Tragf\u00e4higkeit f\u00fchrte ihn als Referent rund um die Welt. Er ist Pr\u00e4sident der Organisation Global Footprint Network, einer internationalen Forschungsgruppe im Bereich Nachhaltigkeit in Oakland (Kalifornien). Seit der Gr\u00fcndung von Global Footprint Network ist es ihm und seinem Team gelungen, einen internationalen wissenschaftlichen Beirat zu gewinnen, dem viele renommierte Wissenschaftler wie Nobelpreistr\u00e4ger und Politiker mit Ministerrang angeh\u00f6ren.<\/p>\n","protected":false},"excerpt":{"rendered":"<p>Mathis Wackernagel wurde 1962 in Basel geboren. Seine Dissertation, 1994 bei Prof. William E. Rees in Kanada, legte die methodischen Grundlagen zum Ecological Footprint. Das Thema der \u00f6kologischen Tragf\u00e4higkeit f\u00fchrte ihn als Referent rund um die Welt. Er ist Pr\u00e4sident der Organisation Global Footprint Network, einer internationalen Forschungsgruppe im Bereich Nachhaltigkeit in Oakland (Kalifornien). Seit&#8230;<\/p>\n","protected":false},"author":1,"featured_media":1659,"comment_status":"open","ping_status":"closed","sticky":false,"template":"","format":"standard","meta":[],"categories":[21],"tags":[57],"_links":{"self":[{"href":"https:\/\/europaeischeverlagsanstalt.de\/index.php?rest_route=\/wp\/v2\/posts\/1658"}],"collection":[{"href":"https:\/\/europaeischeverlagsanstalt.de\/index.php?rest_route=\/wp\/v2\/posts"}],"about":[{"href":"https:\/\/europaeischeverlagsanstalt.de\/index.php?rest_route=\/wp\/v2\/types\/post"}],"author":[{"embeddable":true,"href":"https:\/\/europaeischeverlagsanstalt.de\/index.php?rest_route=\/wp\/v2\/users\/1"}],"replies":[{"embeddable":true,"href":"https:\/\/europaeischeverlagsanstalt.de\/index.php?rest_route=%2Fwp%2Fv2%2Fcomments&post=1658"}],"version-history":[{"count":4,"href":"https:\/\/europaeischeverlagsanstalt.de\/index.php?rest_route=\/wp\/v2\/posts\/1658\/revisions"}],"predecessor-version":[{"id":1703,"href":"https:\/\/europaeischeverlagsanstalt.de\/index.php?rest_route=\/wp\/v2\/posts\/1658\/revisions\/1703"}],"wp:featuredmedia":[{"embeddable":true,"href":"https:\/\/europaeischeverlagsanstalt.de\/index.php?rest_route=\/wp\/v2\/media\/1659"}],"wp:attachment":[{"href":"https:\/\/europaeischeverlagsanstalt.de\/index.php?rest_route=%2Fwp%2Fv2%2Fmedia&parent=1658"}],"wp:term":[{"taxonomy":"category","embeddable":true,"href":"https:\/\/europaeischeverlagsanstalt.de\/index.php?rest_route=%2Fwp%2Fv2%2Fcategories&post=1658"},{"taxonomy":"post_tag","embeddable":true,"href":"https:\/\/europaeischeverlagsanstalt.de\/index.php?rest_route=%2Fwp%2Fv2%2Ftags&post=1658"}],"curies":[{"name":"wp","href":"https:\/\/api.w.org\/{rel}","templated":true}]}}