{"id":1654,"date":"2021-03-15T21:19:30","date_gmt":"2021-03-15T19:19:30","guid":{"rendered":"http:\/\/wp13621818.server-he.de\/?p=1654"},"modified":"2021-06-10T12:56:48","modified_gmt":"2021-06-10T10:56:48","slug":"jakob-von-uexkuell","status":"publish","type":"post","link":"https:\/\/europaeischeverlagsanstalt.de\/?p=1654","title":{"rendered":"Jakob von Uexk\u00fcll"},"content":{"rendered":"\n<p>Jakob von Uexk\u00fcll, geboren 1944 in Uppsala, ist Gr\u00fcnder des WORLD FUTURE COUNCIL, Stifter des RIGHT LIVELIHOOD AWARD, schwedisch-deutscher Philatelist und Philanthrop. Uexk\u00fcll, Enkel des Biologen Jakob Johann von Uexk\u00fcll, wurde als Sohn eines schwedischen Journalisten geboren und wuchs in Hamburg auf. Er besitzt die schwedische und deutsche Staatsangeh\u00f6rigkeit. Uexk\u00fcll studierte Philosophie, Politik und \u00d6konomie und machte 1966 seinen Master of Arts in Oxford. Nachdem er eine bedeutende Briefmarkensammlung erbte und damit professionell handelte, entschied er sich 1980 zur Gr\u00fcndung der Right Livelihood Foundation und stiftete den als \u201eAlternativen Nobelpreis\u201c bekannten Right Livelihood Award, der nicht wissenschaftliche Leistungen sondern humanit\u00e4re Projekte auf dem Weg zu einer besseren Welt f\u00f6rdern m\u00f6chte. Von 1984 bis 1989 war Uexk\u00fcll f\u00fcr die Gr\u00fcnen im Europ\u00e4ischen Parlament, schied aber freiwillig nach einer Legislaturperiode aus. Von 1989 bis 1990 war er im Vorstand von Greenpeace Deutschland. Im Jahre 2005 gr\u00fcndet er die Initiative Welt-Zukunftsrat. Am 10. November 2006 wurde er in Vaduz (Liechtenstein) mit dem Grossen Bindingpreis ausgezeichnet.<\/p>\n","protected":false},"excerpt":{"rendered":"<p>Jakob von Uexk\u00fcll, geboren 1944 in Uppsala, ist Gr\u00fcnder des WORLD FUTURE COUNCIL, Stifter des RIGHT LIVELIHOOD AWARD, schwedisch-deutscher Philatelist und Philanthrop. Uexk\u00fcll, Enkel des Biologen Jakob Johann von Uexk\u00fcll, wurde als Sohn eines schwedischen Journalisten geboren und wuchs in Hamburg auf. Er besitzt die schwedische und deutsche Staatsangeh\u00f6rigkeit. Uexk\u00fcll studierte Philosophie, Politik und \u00d6konomie&#8230;<\/p>\n","protected":false},"author":1,"featured_media":1655,"comment_status":"open","ping_status":"closed","sticky":false,"template":"","format":"standard","meta":[],"categories":[21],"tags":[121],"_links":{"self":[{"href":"https:\/\/europaeischeverlagsanstalt.de\/index.php?rest_route=\/wp\/v2\/posts\/1654"}],"collection":[{"href":"https:\/\/europaeischeverlagsanstalt.de\/index.php?rest_route=\/wp\/v2\/posts"}],"about":[{"href":"https:\/\/europaeischeverlagsanstalt.de\/index.php?rest_route=\/wp\/v2\/types\/post"}],"author":[{"embeddable":true,"href":"https:\/\/europaeischeverlagsanstalt.de\/index.php?rest_route=\/wp\/v2\/users\/1"}],"replies":[{"embeddable":true,"href":"https:\/\/europaeischeverlagsanstalt.de\/index.php?rest_route=%2Fwp%2Fv2%2Fcomments&post=1654"}],"version-history":[{"count":6,"href":"https:\/\/europaeischeverlagsanstalt.de\/index.php?rest_route=\/wp\/v2\/posts\/1654\/revisions"}],"predecessor-version":[{"id":2336,"href":"https:\/\/europaeischeverlagsanstalt.de\/index.php?rest_route=\/wp\/v2\/posts\/1654\/revisions\/2336"}],"wp:featuredmedia":[{"embeddable":true,"href":"https:\/\/europaeischeverlagsanstalt.de\/index.php?rest_route=\/wp\/v2\/media\/1655"}],"wp:attachment":[{"href":"https:\/\/europaeischeverlagsanstalt.de\/index.php?rest_route=%2Fwp%2Fv2%2Fmedia&parent=1654"}],"wp:term":[{"taxonomy":"category","embeddable":true,"href":"https:\/\/europaeischeverlagsanstalt.de\/index.php?rest_route=%2Fwp%2Fv2%2Fcategories&post=1654"},{"taxonomy":"post_tag","embeddable":true,"href":"https:\/\/europaeischeverlagsanstalt.de\/index.php?rest_route=%2Fwp%2Fv2%2Ftags&post=1654"}],"curies":[{"name":"wp","href":"https:\/\/api.w.org\/{rel}","templated":true}]}}