{"id":1650,"date":"2021-03-15T21:18:34","date_gmt":"2021-03-15T19:18:34","guid":{"rendered":"http:\/\/wp13621818.server-he.de\/?p=1650"},"modified":"2021-09-07T15:05:09","modified_gmt":"2021-09-07T13:05:09","slug":"alfons-soellner","status":"publish","type":"post","link":"https:\/\/europaeischeverlagsanstalt.de\/?p=1650","title":{"rendered":"Alfons S\u00f6llner"},"content":{"rendered":"\n<p>Alfons S\u00f6llner (Jahrgang 1947) ist Professor f\u00fcr Politische Theorie und Ideengeschichte und lehrte bis 2012 an der Technischen Universit\u00e4t Chemnitz. Seine Forschungsschwerpunkte liegen in der Wirkungsgeschichte der intellektuellen Hitler-Fl\u00fcchtlinge (besonders der Frankfurter Schule), der Emigration der Politikwissenschaftler und der Verwestlichung der politischen Kultur nach 1945. Autor u.a. von: &#8220;Geschichte und Herrschaft \u2013 Studien zur materialistischen Sozialwissenschaft 1929\u20131945&#8221;, Frankfurt am Main 1979; &#8220;Deutsche Politikwissenschaftler in der Emigration. Ihre Akkulturation und Wirkungsgeschichte&#8221; Opladen 1996; &#8220;Fluchtpunkte. Studien zur politischen Ideengeschichte des 20. Jahrhunderts&#8221;, Baden-Baden 2006.<\/p>\n","protected":false},"excerpt":{"rendered":"<p>Alfons S\u00f6llner (Jahrgang 1947) ist Professor f\u00fcr Politische Theorie und Ideengeschichte und lehrte bis 2012 an der Technischen Universit\u00e4t Chemnitz. Seine Forschungsschwerpunkte liegen in der Wirkungsgeschichte der intellektuellen Hitler-Fl\u00fcchtlinge (besonders der Frankfurter Schule), der Emigration der Politikwissenschaftler und der Verwestlichung der politischen Kultur nach 1945. Autor u.a. von: &#8220;Geschichte und Herrschaft \u2013 Studien zur materialistischen&#8230;<\/p>\n","protected":false},"author":1,"featured_media":1651,"comment_status":"open","ping_status":"closed","sticky":false,"template":"","format":"standard","meta":[],"categories":[21],"tags":[56],"_links":{"self":[{"href":"https:\/\/europaeischeverlagsanstalt.de\/index.php?rest_route=\/wp\/v2\/posts\/1650"}],"collection":[{"href":"https:\/\/europaeischeverlagsanstalt.de\/index.php?rest_route=\/wp\/v2\/posts"}],"about":[{"href":"https:\/\/europaeischeverlagsanstalt.de\/index.php?rest_route=\/wp\/v2\/types\/post"}],"author":[{"embeddable":true,"href":"https:\/\/europaeischeverlagsanstalt.de\/index.php?rest_route=\/wp\/v2\/users\/1"}],"replies":[{"embeddable":true,"href":"https:\/\/europaeischeverlagsanstalt.de\/index.php?rest_route=%2Fwp%2Fv2%2Fcomments&post=1650"}],"version-history":[{"count":9,"href":"https:\/\/europaeischeverlagsanstalt.de\/index.php?rest_route=\/wp\/v2\/posts\/1650\/revisions"}],"predecessor-version":[{"id":2811,"href":"https:\/\/europaeischeverlagsanstalt.de\/index.php?rest_route=\/wp\/v2\/posts\/1650\/revisions\/2811"}],"wp:featuredmedia":[{"embeddable":true,"href":"https:\/\/europaeischeverlagsanstalt.de\/index.php?rest_route=\/wp\/v2\/media\/1651"}],"wp:attachment":[{"href":"https:\/\/europaeischeverlagsanstalt.de\/index.php?rest_route=%2Fwp%2Fv2%2Fmedia&parent=1650"}],"wp:term":[{"taxonomy":"category","embeddable":true,"href":"https:\/\/europaeischeverlagsanstalt.de\/index.php?rest_route=%2Fwp%2Fv2%2Fcategories&post=1650"},{"taxonomy":"post_tag","embeddable":true,"href":"https:\/\/europaeischeverlagsanstalt.de\/index.php?rest_route=%2Fwp%2Fv2%2Ftags&post=1650"}],"curies":[{"name":"wp","href":"https:\/\/api.w.org\/{rel}","templated":true}]}}