{"id":1645,"date":"2021-03-15T21:17:53","date_gmt":"2021-03-15T19:17:53","guid":{"rendered":"http:\/\/wp13621818.server-he.de\/?p=1645"},"modified":"2023-11-16T15:44:28","modified_gmt":"2023-11-16T13:44:28","slug":"christian-schuldt","status":"publish","type":"post","link":"https:\/\/europaeischeverlagsanstalt.de\/?p=1645","title":{"rendered":"Christian Schuldt"},"content":{"rendered":"\n<p><span class=\"has-inline-color has-content-heading-color\">Christian Schuldt, geboren 1970, studierte Literaturwissenschaft und Soziologie in Hamburg und Newcastle. Nach rund 15 Jahren in leitenden Positionen im digitalen Mediengesch\u00e4ft war er zehn Jahre als Studienleiter, Autor und Referent f\u00fcr das Zukunftsinstitut t\u00e4tig. Seit 2023 ist er Co-Founder und Gesch\u00e4ftsleiter des Think-Tanks <a rel=\"noreferrer noopener\" href=\"https:\/\/thefutureproject.de\/\" target=\"_blank\">The Future:Project<\/a>. Ein Spezialgebiet von Christian Schuldt ist die digitale Transformation. Als Experte f\u00fcr Systemtheorie ist sein Blick geschult f\u00fcr die kommunikativen Muster der vernetzten Gesellschaft.<\/span><\/p>\n","protected":false},"excerpt":{"rendered":"<p>Christian Schuldt, geboren 1970, studierte Literaturwissenschaft und Soziologie in Hamburg und Newcastle. Nach rund 15 Jahren in leitenden Positionen im digitalen Mediengesch\u00e4ft war er zehn Jahre als Studienleiter, Autor und Referent f\u00fcr das Zukunftsinstitut t\u00e4tig. Seit 2023 ist er Co-Founder und Gesch\u00e4ftsleiter des Think-Tanks The Future:Project. Ein Spezialgebiet von Christian Schuldt ist die digitale Transformation&#8230;.<\/p>\n","protected":false},"author":1,"featured_media":1646,"comment_status":"open","ping_status":"closed","sticky":false,"template":"","format":"standard","meta":[],"categories":[21],"tags":[55],"_links":{"self":[{"href":"https:\/\/europaeischeverlagsanstalt.de\/index.php?rest_route=\/wp\/v2\/posts\/1645"}],"collection":[{"href":"https:\/\/europaeischeverlagsanstalt.de\/index.php?rest_route=\/wp\/v2\/posts"}],"about":[{"href":"https:\/\/europaeischeverlagsanstalt.de\/index.php?rest_route=\/wp\/v2\/types\/post"}],"author":[{"embeddable":true,"href":"https:\/\/europaeischeverlagsanstalt.de\/index.php?rest_route=\/wp\/v2\/users\/1"}],"replies":[{"embeddable":true,"href":"https:\/\/europaeischeverlagsanstalt.de\/index.php?rest_route=%2Fwp%2Fv2%2Fcomments&post=1645"}],"version-history":[{"count":22,"href":"https:\/\/europaeischeverlagsanstalt.de\/index.php?rest_route=\/wp\/v2\/posts\/1645\/revisions"}],"predecessor-version":[{"id":5888,"href":"https:\/\/europaeischeverlagsanstalt.de\/index.php?rest_route=\/wp\/v2\/posts\/1645\/revisions\/5888"}],"wp:featuredmedia":[{"embeddable":true,"href":"https:\/\/europaeischeverlagsanstalt.de\/index.php?rest_route=\/wp\/v2\/media\/1646"}],"wp:attachment":[{"href":"https:\/\/europaeischeverlagsanstalt.de\/index.php?rest_route=%2Fwp%2Fv2%2Fmedia&parent=1645"}],"wp:term":[{"taxonomy":"category","embeddable":true,"href":"https:\/\/europaeischeverlagsanstalt.de\/index.php?rest_route=%2Fwp%2Fv2%2Fcategories&post=1645"},{"taxonomy":"post_tag","embeddable":true,"href":"https:\/\/europaeischeverlagsanstalt.de\/index.php?rest_route=%2Fwp%2Fv2%2Ftags&post=1645"}],"curies":[{"name":"wp","href":"https:\/\/api.w.org\/{rel}","templated":true}]}}