{"id":1641,"date":"2021-03-15T21:17:07","date_gmt":"2021-03-15T19:17:07","guid":{"rendered":"http:\/\/wp13621818.server-he.de\/?p=1641"},"modified":"2021-09-08T10:54:28","modified_gmt":"2021-09-08T08:54:28","slug":"christian-pross","status":"publish","type":"post","link":"https:\/\/europaeischeverlagsanstalt.de\/?p=1641","title":{"rendered":"Christian Pross"},"content":{"rendered":"\n<p>Christian Pross, geb. 1948, ist Arzt f\u00fcr Allgemeinmedizin und Psychotherapie, Medizinhistoriker und Honorarprofessor an der Charit\u00e9. Er ist Mitbegr\u00fcnder und war von 1992 bis 2003 Leiter des Behandlungszentrums f\u00fcr Folteropfer (bzfo e.V.). 2009 erhielt er das Bundesverdienstkreuz. 2010\u20132013 war er Mitglied im Unterausschuss der Vereinten Nationen zur Pr\u00e4vention von Folter. Forschung und Publikationen \u00fcber Medizin im Nationalsozialismus, die Verfolgung j\u00fcdischer \u00c4rzte sowie \u00fcber die Behandlung von traumatisierten Fl\u00fcchtlingen und Stasi-Verfolgten, u.v.a. . Weiteres Arbeitsgebiet: Supervision von Helferteams in Traumazentren und psychosozialen Einrichtungen. Neueste Publikation: &#8220;Wir wollten ins Verderben rennen: Die Geschichte des Sozialistischen Patientenkollektivs Heidelberg&#8221; (2016).<\/p>\n","protected":false},"excerpt":{"rendered":"<p>Christian Pross, geb. 1948, ist Arzt f\u00fcr Allgemeinmedizin und Psychotherapie, Medizinhistoriker und Honorarprofessor an der Charit\u00e9. Er ist Mitbegr\u00fcnder und war von 1992 bis 2003 Leiter des Behandlungszentrums f\u00fcr Folteropfer (bzfo e.V.). 2009 erhielt er das Bundesverdienstkreuz. 2010\u20132013 war er Mitglied im Unterausschuss der Vereinten Nationen zur Pr\u00e4vention von Folter. Forschung und Publikationen \u00fcber Medizin&#8230;<\/p>\n","protected":false},"author":1,"featured_media":1642,"comment_status":"open","ping_status":"closed","sticky":false,"template":"","format":"standard","meta":[],"categories":[21],"tags":[54],"_links":{"self":[{"href":"https:\/\/europaeischeverlagsanstalt.de\/index.php?rest_route=\/wp\/v2\/posts\/1641"}],"collection":[{"href":"https:\/\/europaeischeverlagsanstalt.de\/index.php?rest_route=\/wp\/v2\/posts"}],"about":[{"href":"https:\/\/europaeischeverlagsanstalt.de\/index.php?rest_route=\/wp\/v2\/types\/post"}],"author":[{"embeddable":true,"href":"https:\/\/europaeischeverlagsanstalt.de\/index.php?rest_route=\/wp\/v2\/users\/1"}],"replies":[{"embeddable":true,"href":"https:\/\/europaeischeverlagsanstalt.de\/index.php?rest_route=%2Fwp%2Fv2%2Fcomments&post=1641"}],"version-history":[{"count":9,"href":"https:\/\/europaeischeverlagsanstalt.de\/index.php?rest_route=\/wp\/v2\/posts\/1641\/revisions"}],"predecessor-version":[{"id":2878,"href":"https:\/\/europaeischeverlagsanstalt.de\/index.php?rest_route=\/wp\/v2\/posts\/1641\/revisions\/2878"}],"wp:featuredmedia":[{"embeddable":true,"href":"https:\/\/europaeischeverlagsanstalt.de\/index.php?rest_route=\/wp\/v2\/media\/1642"}],"wp:attachment":[{"href":"https:\/\/europaeischeverlagsanstalt.de\/index.php?rest_route=%2Fwp%2Fv2%2Fmedia&parent=1641"}],"wp:term":[{"taxonomy":"category","embeddable":true,"href":"https:\/\/europaeischeverlagsanstalt.de\/index.php?rest_route=%2Fwp%2Fv2%2Fcategories&post=1641"},{"taxonomy":"post_tag","embeddable":true,"href":"https:\/\/europaeischeverlagsanstalt.de\/index.php?rest_route=%2Fwp%2Fv2%2Ftags&post=1641"}],"curies":[{"name":"wp","href":"https:\/\/api.w.org\/{rel}","templated":true}]}}