{"id":1625,"date":"2021-03-15T21:13:53","date_gmt":"2021-03-15T19:13:53","guid":{"rendered":"http:\/\/wp13621818.server-he.de\/?p=1625"},"modified":"2021-03-16T15:25:22","modified_gmt":"2021-03-16T13:25:22","slug":"reinhard-mehring","status":"publish","type":"post","link":"https:\/\/europaeischeverlagsanstalt.de\/?p=1625","title":{"rendered":"Reinhard Mehring"},"content":{"rendered":"\n<p>Reinhard Mehring, Jg. 1959, promovierte 1988 \u00fcber Carl Schmitt. Als Assistent bei Volker Gerhardt an die Humboldt-Universit\u00e4t habilitierte dort in der Philosophie mit einer Arbeit \u00fcber Thomas Mann h. Seit lehrt er 2007 als Prof. f\u00fcr Politikwissenschaft an der P\u00e4dagogischen Hochschule Heidelberg. Zahlreiche B\u00fccher u.a. zu Carl Schmitt, Martin Heidegger und Thomas Mann, zur Geschichte der BRD, philosophischen P\u00e4dagogik und zu j\u00fcdischen Intellektuellen der Zwischenkriegszeit. 2009 publizierte er eine Schmitt-Biographie bei C.H. Beck (engl. \u00dcbersetzung 2014), seine Junius-Einf\u00fchrung in Carl Schmitt ist inzwischen (2017) in 5. Aufl erschienen.<\/p>\n","protected":false},"excerpt":{"rendered":"<p>Reinhard Mehring, Jg. 1959, promovierte 1988 \u00fcber Carl Schmitt. Als Assistent bei Volker Gerhardt an die Humboldt-Universit\u00e4t habilitierte dort in der Philosophie mit einer Arbeit \u00fcber Thomas Mann h. Seit lehrt er 2007 als Prof. f\u00fcr Politikwissenschaft an der P\u00e4dagogischen Hochschule Heidelberg. Zahlreiche B\u00fccher u.a. zu Carl Schmitt, Martin Heidegger und Thomas Mann, zur Geschichte&#8230;<\/p>\n","protected":false},"author":1,"featured_media":2035,"comment_status":"open","ping_status":"closed","sticky":false,"template":"","format":"standard","meta":[],"categories":[21],"tags":[51],"_links":{"self":[{"href":"https:\/\/europaeischeverlagsanstalt.de\/index.php?rest_route=\/wp\/v2\/posts\/1625"}],"collection":[{"href":"https:\/\/europaeischeverlagsanstalt.de\/index.php?rest_route=\/wp\/v2\/posts"}],"about":[{"href":"https:\/\/europaeischeverlagsanstalt.de\/index.php?rest_route=\/wp\/v2\/types\/post"}],"author":[{"embeddable":true,"href":"https:\/\/europaeischeverlagsanstalt.de\/index.php?rest_route=\/wp\/v2\/users\/1"}],"replies":[{"embeddable":true,"href":"https:\/\/europaeischeverlagsanstalt.de\/index.php?rest_route=%2Fwp%2Fv2%2Fcomments&post=1625"}],"version-history":[{"count":4,"href":"https:\/\/europaeischeverlagsanstalt.de\/index.php?rest_route=\/wp\/v2\/posts\/1625\/revisions"}],"predecessor-version":[{"id":2054,"href":"https:\/\/europaeischeverlagsanstalt.de\/index.php?rest_route=\/wp\/v2\/posts\/1625\/revisions\/2054"}],"wp:featuredmedia":[{"embeddable":true,"href":"https:\/\/europaeischeverlagsanstalt.de\/index.php?rest_route=\/wp\/v2\/media\/2035"}],"wp:attachment":[{"href":"https:\/\/europaeischeverlagsanstalt.de\/index.php?rest_route=%2Fwp%2Fv2%2Fmedia&parent=1625"}],"wp:term":[{"taxonomy":"category","embeddable":true,"href":"https:\/\/europaeischeverlagsanstalt.de\/index.php?rest_route=%2Fwp%2Fv2%2Fcategories&post=1625"},{"taxonomy":"post_tag","embeddable":true,"href":"https:\/\/europaeischeverlagsanstalt.de\/index.php?rest_route=%2Fwp%2Fv2%2Ftags&post=1625"}],"curies":[{"name":"wp","href":"https:\/\/api.w.org\/{rel}","templated":true}]}}