{"id":1621,"date":"2021-03-15T21:13:08","date_gmt":"2021-03-15T19:13:08","guid":{"rendered":"http:\/\/wp13621818.server-he.de\/?p=1621"},"modified":"2021-03-15T21:41:16","modified_gmt":"2021-03-15T19:41:16","slug":"michael-loewy","status":"publish","type":"post","link":"https:\/\/europaeischeverlagsanstalt.de\/?p=1621","title":{"rendered":"Michael L\u00f6wy"},"content":{"rendered":"\n<p>Michael L\u00f6wy wurde 1938 als Sohn Wiener Juden in S\u00e3o Paulo, Brasilien, geboren. Seit 1969 lebt er in Paris. Er war Direktor der Sektion Soziologie der franz\u00f6sischen wissenschaftlichen Forschungsgemeinschaft C.N.R.S. und unterrichtete an der \u00c9cole des hautes \u00e9tudes en sciences sociales, Paris. Ver\u00f6ffentlichungen u.v.a. The Theory of Revolution in the Young Marx, Chicago 2005, \u201eBiographische Skizze\u201c sowie \u201eHannah Arendt und Walter Benjamin\u201c, in: Wolfdietrich Schmied-Kowarzik (Hg.), Auseinandersetzungen mit dem zerst\u00f6rten j\u00fcdischen Erbe. Franz-Rosenzweig \u2013 Gastvorlesungen 1999\u20132005, Kassel 2004; Ecosocialism: A Radical Alternative to Capitalist Catastrophe, Chicago 2015; \u00d6kosozialismus. Die radikale Alternative zur \u00f6kologischen und kapitalistischen Katastrophe, Hamburg 2016.; Rosa Luxemburg. Der z\u00fcndende Funke der Revolution, Hamburg 2020.<\/p>\n","protected":false},"excerpt":{"rendered":"<p>Michael L\u00f6wy wurde 1938 als Sohn Wiener Juden in S\u00e3o Paulo, Brasilien, geboren. Seit 1969 lebt er in Paris. Er war Direktor der Sektion Soziologie der franz\u00f6sischen wissenschaftlichen Forschungsgemeinschaft C.N.R.S. und unterrichtete an der \u00c9cole des hautes \u00e9tudes en sciences sociales, Paris. Ver\u00f6ffentlichungen u.v.a. The Theory of Revolution in the Young Marx, Chicago 2005, \u201eBiographische&#8230;<\/p>\n","protected":false},"author":1,"featured_media":1622,"comment_status":"open","ping_status":"closed","sticky":false,"template":"","format":"standard","meta":[],"categories":[21],"tags":[50],"_links":{"self":[{"href":"https:\/\/europaeischeverlagsanstalt.de\/index.php?rest_route=\/wp\/v2\/posts\/1621"}],"collection":[{"href":"https:\/\/europaeischeverlagsanstalt.de\/index.php?rest_route=\/wp\/v2\/posts"}],"about":[{"href":"https:\/\/europaeischeverlagsanstalt.de\/index.php?rest_route=\/wp\/v2\/types\/post"}],"author":[{"embeddable":true,"href":"https:\/\/europaeischeverlagsanstalt.de\/index.php?rest_route=\/wp\/v2\/users\/1"}],"replies":[{"embeddable":true,"href":"https:\/\/europaeischeverlagsanstalt.de\/index.php?rest_route=%2Fwp%2Fv2%2Fcomments&post=1621"}],"version-history":[{"count":4,"href":"https:\/\/europaeischeverlagsanstalt.de\/index.php?rest_route=\/wp\/v2\/posts\/1621\/revisions"}],"predecessor-version":[{"id":1699,"href":"https:\/\/europaeischeverlagsanstalt.de\/index.php?rest_route=\/wp\/v2\/posts\/1621\/revisions\/1699"}],"wp:featuredmedia":[{"embeddable":true,"href":"https:\/\/europaeischeverlagsanstalt.de\/index.php?rest_route=\/wp\/v2\/media\/1622"}],"wp:attachment":[{"href":"https:\/\/europaeischeverlagsanstalt.de\/index.php?rest_route=%2Fwp%2Fv2%2Fmedia&parent=1621"}],"wp:term":[{"taxonomy":"category","embeddable":true,"href":"https:\/\/europaeischeverlagsanstalt.de\/index.php?rest_route=%2Fwp%2Fv2%2Fcategories&post=1621"},{"taxonomy":"post_tag","embeddable":true,"href":"https:\/\/europaeischeverlagsanstalt.de\/index.php?rest_route=%2Fwp%2Fv2%2Ftags&post=1621"}],"curies":[{"name":"wp","href":"https:\/\/api.w.org\/{rel}","templated":true}]}}