{"id":1608,"date":"2021-03-15T21:10:31","date_gmt":"2021-03-15T19:10:31","guid":{"rendered":"http:\/\/wp13621818.server-he.de\/?p=1608"},"modified":"2021-06-10T12:39:40","modified_gmt":"2021-06-10T10:39:40","slug":"michael-koglin","status":"publish","type":"post","link":"https:\/\/europaeischeverlagsanstalt.de\/?p=1608","title":{"rendered":"Michael Koglin"},"content":{"rendered":"\n<p>Michael Koglin, geboren 1955 in B\u00fcdelsdorf, ist ein deutscher Journalist und Schriftsteller. Seit 1982 arbeitet er f\u00fcr verschiedene Medien (u. a. \u201eMare\u201c, NDR, \u201eBrigitte\u201c, \u201cStern\u201d, \u201cDie Zeit\u201d).Neben Theaterst\u00fccken, Drehb\u00fcchern und erfolgreichen Kriminalromanen verfasste er auch Sachb\u00fcchern u.a. \u201cZu Fu\u00df durch das J\u00fcdische Hamburg\u201d Koglin wurde f\u00fcr sein Werk mit zahlreichen Preisen ausgezeichnet.<\/p>\n","protected":false},"excerpt":{"rendered":"<p>Michael Koglin, geboren 1955 in B\u00fcdelsdorf, ist ein deutscher Journalist und Schriftsteller. Seit 1982 arbeitet er f\u00fcr verschiedene Medien (u. a. \u201eMare\u201c, NDR, \u201eBrigitte\u201c, \u201cStern\u201d, \u201cDie Zeit\u201d).Neben Theaterst\u00fccken, Drehb\u00fcchern und erfolgreichen Kriminalromanen verfasste er auch Sachb\u00fcchern u.a. \u201cZu Fu\u00df durch das J\u00fcdische Hamburg\u201d Koglin wurde f\u00fcr sein Werk mit zahlreichen Preisen ausgezeichnet.<\/p>\n","protected":false},"author":1,"featured_media":1609,"comment_status":"open","ping_status":"closed","sticky":false,"template":"","format":"standard","meta":[],"categories":[21],"tags":[47],"_links":{"self":[{"href":"https:\/\/europaeischeverlagsanstalt.de\/index.php?rest_route=\/wp\/v2\/posts\/1608"}],"collection":[{"href":"https:\/\/europaeischeverlagsanstalt.de\/index.php?rest_route=\/wp\/v2\/posts"}],"about":[{"href":"https:\/\/europaeischeverlagsanstalt.de\/index.php?rest_route=\/wp\/v2\/types\/post"}],"author":[{"embeddable":true,"href":"https:\/\/europaeischeverlagsanstalt.de\/index.php?rest_route=\/wp\/v2\/users\/1"}],"replies":[{"embeddable":true,"href":"https:\/\/europaeischeverlagsanstalt.de\/index.php?rest_route=%2Fwp%2Fv2%2Fcomments&post=1608"}],"version-history":[{"count":7,"href":"https:\/\/europaeischeverlagsanstalt.de\/index.php?rest_route=\/wp\/v2\/posts\/1608\/revisions"}],"predecessor-version":[{"id":2325,"href":"https:\/\/europaeischeverlagsanstalt.de\/index.php?rest_route=\/wp\/v2\/posts\/1608\/revisions\/2325"}],"wp:featuredmedia":[{"embeddable":true,"href":"https:\/\/europaeischeverlagsanstalt.de\/index.php?rest_route=\/wp\/v2\/media\/1609"}],"wp:attachment":[{"href":"https:\/\/europaeischeverlagsanstalt.de\/index.php?rest_route=%2Fwp%2Fv2%2Fmedia&parent=1608"}],"wp:term":[{"taxonomy":"category","embeddable":true,"href":"https:\/\/europaeischeverlagsanstalt.de\/index.php?rest_route=%2Fwp%2Fv2%2Fcategories&post=1608"},{"taxonomy":"post_tag","embeddable":true,"href":"https:\/\/europaeischeverlagsanstalt.de\/index.php?rest_route=%2Fwp%2Fv2%2Ftags&post=1608"}],"curies":[{"name":"wp","href":"https:\/\/api.w.org\/{rel}","templated":true}]}}