{"id":1604,"date":"2021-03-15T21:09:38","date_gmt":"2021-03-15T19:09:38","guid":{"rendered":"http:\/\/wp13621818.server-he.de\/?p=1604"},"modified":"2021-06-10T12:37:22","modified_gmt":"2021-06-10T10:37:22","slug":"elisa-klapheck","status":"publish","type":"post","link":"https:\/\/europaeischeverlagsanstalt.de\/?p=1604","title":{"rendered":"Elisa Klapheck"},"content":{"rendered":"\n<p>Prof. Dr. Elisa Klapheck, geboren 1962 in D\u00fcsseldorf, ist Rabbinerin der liberalen Synagogengemeinschaft \u201eEgalit\u00e4rer Minjan\u201c in der J\u00fcdischen Gemeinde Frankfurt a. M. und Professorin f\u00fcr J\u00fcdische Studien an der Universit\u00e4t Paderborn. Seit den 1990-Jahren engagiert sie sich f\u00fcr eine Erneuerung der j\u00fcdisch-religi\u00f6sen Tradition. So geh\u00f6rte sie zu den Mitbegr\u00fcndern der liberalen Synagoge Oranienburger Stra\u00dfe in Berlin und der j\u00fcdisch-feministischen Initiative Bet Debora \u2013 Tagung europ\u00e4ischer Rabbinerinnen, Kantorinnen und j\u00fcdischer Aktivistinnen, die in Berlin und anderen europ\u00e4ischen St\u00e4dten Konferenzen veranstaltet. Ver\u00f6ffentlichungen u.a.: Fr\u00e4ulein Rabbiner Jonas \u2013 Kann die Frau das rabbinische Amt bekleiden?, 1999 und Margarete Susman und ihr j\u00fcdischer Beitrag zur politischen Philosophie, 2014 . Klapheck tritt f\u00fcr einen neuen Dialog zwischen Religion und Politik ein. In diesem Zusammenhang gibt sie die Schriftenreihe Machloket \/ Streitschriften heraus. Bisher erschienen die B\u00e4nde S\u00e4kulares Judentum aus religi\u00f6ser Quelle (Bd. 1) und B\u00fcrgerschaftliches politisches Engagement als j\u00fcdische Praxis (Bd. 2). In Vorbereitung der Aufsatz Die rabbinische Literatur in dem von Christina von Braun und Micha Brumlik herausgegebenen Handbuch J\u00fcdische Studien.<\/p>\n","protected":false},"excerpt":{"rendered":"<p>Prof. Dr. Elisa Klapheck, geboren 1962 in D\u00fcsseldorf, ist Rabbinerin der liberalen Synagogengemeinschaft \u201eEgalit\u00e4rer Minjan\u201c in der J\u00fcdischen Gemeinde Frankfurt a. M. und Professorin f\u00fcr J\u00fcdische Studien an der Universit\u00e4t Paderborn. Seit den 1990-Jahren engagiert sie sich f\u00fcr eine Erneuerung der j\u00fcdisch-religi\u00f6sen Tradition. So geh\u00f6rte sie zu den Mitbegr\u00fcndern der liberalen Synagoge Oranienburger Stra\u00dfe in&#8230;<\/p>\n","protected":false},"author":1,"featured_media":1605,"comment_status":"open","ping_status":"closed","sticky":false,"template":"","format":"standard","meta":[],"categories":[21],"tags":[46],"_links":{"self":[{"href":"https:\/\/europaeischeverlagsanstalt.de\/index.php?rest_route=\/wp\/v2\/posts\/1604"}],"collection":[{"href":"https:\/\/europaeischeverlagsanstalt.de\/index.php?rest_route=\/wp\/v2\/posts"}],"about":[{"href":"https:\/\/europaeischeverlagsanstalt.de\/index.php?rest_route=\/wp\/v2\/types\/post"}],"author":[{"embeddable":true,"href":"https:\/\/europaeischeverlagsanstalt.de\/index.php?rest_route=\/wp\/v2\/users\/1"}],"replies":[{"embeddable":true,"href":"https:\/\/europaeischeverlagsanstalt.de\/index.php?rest_route=%2Fwp%2Fv2%2Fcomments&post=1604"}],"version-history":[{"count":7,"href":"https:\/\/europaeischeverlagsanstalt.de\/index.php?rest_route=\/wp\/v2\/posts\/1604\/revisions"}],"predecessor-version":[{"id":2322,"href":"https:\/\/europaeischeverlagsanstalt.de\/index.php?rest_route=\/wp\/v2\/posts\/1604\/revisions\/2322"}],"wp:featuredmedia":[{"embeddable":true,"href":"https:\/\/europaeischeverlagsanstalt.de\/index.php?rest_route=\/wp\/v2\/media\/1605"}],"wp:attachment":[{"href":"https:\/\/europaeischeverlagsanstalt.de\/index.php?rest_route=%2Fwp%2Fv2%2Fmedia&parent=1604"}],"wp:term":[{"taxonomy":"category","embeddable":true,"href":"https:\/\/europaeischeverlagsanstalt.de\/index.php?rest_route=%2Fwp%2Fv2%2Fcategories&post=1604"},{"taxonomy":"post_tag","embeddable":true,"href":"https:\/\/europaeischeverlagsanstalt.de\/index.php?rest_route=%2Fwp%2Fv2%2Ftags&post=1604"}],"curies":[{"name":"wp","href":"https:\/\/api.w.org\/{rel}","templated":true}]}}