{"id":1584,"date":"2021-03-15T21:05:12","date_gmt":"2021-03-15T19:05:12","guid":{"rendered":"http:\/\/wp13621818.server-he.de\/?p=1584"},"modified":"2021-09-08T10:51:15","modified_gmt":"2021-09-08T08:51:15","slug":"jens-hacke","status":"publish","type":"post","link":"https:\/\/europaeischeverlagsanstalt.de\/?p=1584","title":{"rendered":"Jens Hacke"},"content":{"rendered":"\n<p>Jens Hacke (Jahrgang 1973) lehrte bislang Politische Theorie in Berlin, Hamburg, Halle-Wittenberg und Greifswald. Er arbeitet momentan als Vertretungsprofessor f\u00fcr Vergleichende Politische Kulturforschung an der Universit\u00e4t der Bundeswehr M\u00fcnchen und ist Redaktionsmitglied der Zeitschrift f\u00fcr Ideengeschichte. Buchver\u00f6ffentlichungen: &#8220;Philosophie der B\u00fcrgerlichkeit. Die liberalkonservative Begr\u00fcndung der Bundesrepublik&#8221;, 2. Aufl., G\u00f6ttingen 2008; &#8220;Die Bundesrepublik als Idee. Zur Legitimationsbedu\u0308rftigkeit politischer Ordnung&#8221;, Hamburg 2009; &#8220;Existenzkrise der Demokratie. Zur politischen Theorie des Liberalismus in der Zwischenkriegszeit&#8221;, 3. Aufl., Berlin 2018.<\/p>\n","protected":false},"excerpt":{"rendered":"<p>Jens Hacke (Jahrgang 1973) lehrte bislang Politische Theorie in Berlin, Hamburg, Halle-Wittenberg und Greifswald. Er arbeitet momentan als Vertretungsprofessor f\u00fcr Vergleichende Politische Kulturforschung an der Universit\u00e4t der Bundeswehr M\u00fcnchen und ist Redaktionsmitglied der Zeitschrift f\u00fcr Ideengeschichte. Buchver\u00f6ffentlichungen: &#8220;Philosophie der B\u00fcrgerlichkeit. Die liberalkonservative Begr\u00fcndung der Bundesrepublik&#8221;, 2. Aufl., G\u00f6ttingen 2008; &#8220;Die Bundesrepublik als Idee. Zur Legitimationsbedu\u0308rftigkeit&#8230;<\/p>\n","protected":false},"author":1,"featured_media":1585,"comment_status":"open","ping_status":"closed","sticky":false,"template":"","format":"standard","meta":[],"categories":[21],"tags":[41],"_links":{"self":[{"href":"https:\/\/europaeischeverlagsanstalt.de\/index.php?rest_route=\/wp\/v2\/posts\/1584"}],"collection":[{"href":"https:\/\/europaeischeverlagsanstalt.de\/index.php?rest_route=\/wp\/v2\/posts"}],"about":[{"href":"https:\/\/europaeischeverlagsanstalt.de\/index.php?rest_route=\/wp\/v2\/types\/post"}],"author":[{"embeddable":true,"href":"https:\/\/europaeischeverlagsanstalt.de\/index.php?rest_route=\/wp\/v2\/users\/1"}],"replies":[{"embeddable":true,"href":"https:\/\/europaeischeverlagsanstalt.de\/index.php?rest_route=%2Fwp%2Fv2%2Fcomments&post=1584"}],"version-history":[{"count":9,"href":"https:\/\/europaeischeverlagsanstalt.de\/index.php?rest_route=\/wp\/v2\/posts\/1584\/revisions"}],"predecessor-version":[{"id":2875,"href":"https:\/\/europaeischeverlagsanstalt.de\/index.php?rest_route=\/wp\/v2\/posts\/1584\/revisions\/2875"}],"wp:featuredmedia":[{"embeddable":true,"href":"https:\/\/europaeischeverlagsanstalt.de\/index.php?rest_route=\/wp\/v2\/media\/1585"}],"wp:attachment":[{"href":"https:\/\/europaeischeverlagsanstalt.de\/index.php?rest_route=%2Fwp%2Fv2%2Fmedia&parent=1584"}],"wp:term":[{"taxonomy":"category","embeddable":true,"href":"https:\/\/europaeischeverlagsanstalt.de\/index.php?rest_route=%2Fwp%2Fv2%2Fcategories&post=1584"},{"taxonomy":"post_tag","embeddable":true,"href":"https:\/\/europaeischeverlagsanstalt.de\/index.php?rest_route=%2Fwp%2Fv2%2Ftags&post=1584"}],"curies":[{"name":"wp","href":"https:\/\/api.w.org\/{rel}","templated":true}]}}