{"id":1580,"date":"2021-03-15T21:04:21","date_gmt":"2021-03-15T19:04:21","guid":{"rendered":"http:\/\/wp13621818.server-he.de\/?p=1580"},"modified":"2021-03-15T21:33:49","modified_gmt":"2021-03-15T19:33:49","slug":"vilem-flusser","status":"publish","type":"post","link":"https:\/\/europaeischeverlagsanstalt.de\/?p=1580","title":{"rendered":"Vil\u00e9m Flusser"},"content":{"rendered":"\n<p>Vil\u00e9m Flusser, geboren 1920 in Prag, war Kommunikations- und Medienphilosoph. 1940 floh er vor den Nazis nach London und wanderte kurze Zeit darauf nach Brasilien aus. Bis 1972 blieb er in S\u00e3o Paulo, wo er zuletzt als Professor f\u00fcr Kommunikationsphilosophie lehrte. 1972 R\u00fcckkehr nach Europa. 1991 wurde er auf Einladung von Friedrich Kittler als Gastprofessor an die Ruhr-Universit\u00e4t Bochum berufen. Im selben Jahr starb er bei einem Verkehrsunfall.<\/p>\n","protected":false},"excerpt":{"rendered":"<p>Vil\u00e9m Flusser, geboren 1920 in Prag, war Kommunikations- und Medienphilosoph. 1940 floh er vor den Nazis nach London und wanderte kurze Zeit darauf nach Brasilien aus. Bis 1972 blieb er in S\u00e3o Paulo, wo er zuletzt als Professor f\u00fcr Kommunikationsphilosophie lehrte. 1972 R\u00fcckkehr nach Europa. 1991 wurde er auf Einladung von Friedrich Kittler als Gastprofessor&#8230;<\/p>\n","protected":false},"author":1,"featured_media":1581,"comment_status":"open","ping_status":"closed","sticky":false,"template":"","format":"standard","meta":[],"categories":[21],"tags":[40],"_links":{"self":[{"href":"https:\/\/europaeischeverlagsanstalt.de\/index.php?rest_route=\/wp\/v2\/posts\/1580"}],"collection":[{"href":"https:\/\/europaeischeverlagsanstalt.de\/index.php?rest_route=\/wp\/v2\/posts"}],"about":[{"href":"https:\/\/europaeischeverlagsanstalt.de\/index.php?rest_route=\/wp\/v2\/types\/post"}],"author":[{"embeddable":true,"href":"https:\/\/europaeischeverlagsanstalt.de\/index.php?rest_route=\/wp\/v2\/users\/1"}],"replies":[{"embeddable":true,"href":"https:\/\/europaeischeverlagsanstalt.de\/index.php?rest_route=%2Fwp%2Fv2%2Fcomments&post=1580"}],"version-history":[{"count":5,"href":"https:\/\/europaeischeverlagsanstalt.de\/index.php?rest_route=\/wp\/v2\/posts\/1580\/revisions"}],"predecessor-version":[{"id":1681,"href":"https:\/\/europaeischeverlagsanstalt.de\/index.php?rest_route=\/wp\/v2\/posts\/1580\/revisions\/1681"}],"wp:featuredmedia":[{"embeddable":true,"href":"https:\/\/europaeischeverlagsanstalt.de\/index.php?rest_route=\/wp\/v2\/media\/1581"}],"wp:attachment":[{"href":"https:\/\/europaeischeverlagsanstalt.de\/index.php?rest_route=%2Fwp%2Fv2%2Fmedia&parent=1580"}],"wp:term":[{"taxonomy":"category","embeddable":true,"href":"https:\/\/europaeischeverlagsanstalt.de\/index.php?rest_route=%2Fwp%2Fv2%2Fcategories&post=1580"},{"taxonomy":"post_tag","embeddable":true,"href":"https:\/\/europaeischeverlagsanstalt.de\/index.php?rest_route=%2Fwp%2Fv2%2Ftags&post=1580"}],"curies":[{"name":"wp","href":"https:\/\/api.w.org\/{rel}","templated":true}]}}