{"id":1564,"date":"2021-03-15T20:59:31","date_gmt":"2021-03-15T18:59:31","guid":{"rendered":"http:\/\/wp13621818.server-he.de\/?p=1564"},"modified":"2021-06-10T12:20:55","modified_gmt":"2021-06-10T10:20:55","slug":"hubertus-buchstein","status":"publish","type":"post","link":"https:\/\/europaeischeverlagsanstalt.de\/?p=1564","title":{"rendered":"Hubertus Buchstein"},"content":{"rendered":"\n<p>Hubertus Buchstein, geboren 1959 in Eutin, seit 1998 Professor f\u00fcr Politische Theorie und Ideengeschichte an der Universit\u00e4t Greifswald. Gastprofessuren in New York und Tampere. Neuere Ver\u00f6ffentlichungen zu: Rechtsextremismus im l\u00e4ndlichen Raum, deutsche Sozialwissenschaftler im Exil nach 1933, Losverfahren in der Demokratie sowie zur Politischen Theorie von John Stuart Mill.<\/p>\n","protected":false},"excerpt":{"rendered":"<p>Hubertus Buchstein, geboren 1959 in Eutin, seit 1998 Professor f\u00fcr Politische Theorie und Ideengeschichte an der Universit\u00e4t Greifswald. Gastprofessuren in New York und Tampere. Neuere Ver\u00f6ffentlichungen zu: Rechtsextremismus im l\u00e4ndlichen Raum, deutsche Sozialwissenschaftler im Exil nach 1933, Losverfahren in der Demokratie sowie zur Politischen Theorie von John Stuart Mill.<\/p>\n","protected":false},"author":1,"featured_media":1565,"comment_status":"open","ping_status":"closed","sticky":false,"template":"","format":"standard","meta":[],"categories":[21],"tags":[35],"_links":{"self":[{"href":"https:\/\/europaeischeverlagsanstalt.de\/index.php?rest_route=\/wp\/v2\/posts\/1564"}],"collection":[{"href":"https:\/\/europaeischeverlagsanstalt.de\/index.php?rest_route=\/wp\/v2\/posts"}],"about":[{"href":"https:\/\/europaeischeverlagsanstalt.de\/index.php?rest_route=\/wp\/v2\/types\/post"}],"author":[{"embeddable":true,"href":"https:\/\/europaeischeverlagsanstalt.de\/index.php?rest_route=\/wp\/v2\/users\/1"}],"replies":[{"embeddable":true,"href":"https:\/\/europaeischeverlagsanstalt.de\/index.php?rest_route=%2Fwp%2Fv2%2Fcomments&post=1564"}],"version-history":[{"count":6,"href":"https:\/\/europaeischeverlagsanstalt.de\/index.php?rest_route=\/wp\/v2\/posts\/1564\/revisions"}],"predecessor-version":[{"id":2312,"href":"https:\/\/europaeischeverlagsanstalt.de\/index.php?rest_route=\/wp\/v2\/posts\/1564\/revisions\/2312"}],"wp:featuredmedia":[{"embeddable":true,"href":"https:\/\/europaeischeverlagsanstalt.de\/index.php?rest_route=\/wp\/v2\/media\/1565"}],"wp:attachment":[{"href":"https:\/\/europaeischeverlagsanstalt.de\/index.php?rest_route=%2Fwp%2Fv2%2Fmedia&parent=1564"}],"wp:term":[{"taxonomy":"category","embeddable":true,"href":"https:\/\/europaeischeverlagsanstalt.de\/index.php?rest_route=%2Fwp%2Fv2%2Fcategories&post=1564"},{"taxonomy":"post_tag","embeddable":true,"href":"https:\/\/europaeischeverlagsanstalt.de\/index.php?rest_route=%2Fwp%2Fv2%2Ftags&post=1564"}],"curies":[{"name":"wp","href":"https:\/\/api.w.org\/{rel}","templated":true}]}}